{"id":51009,"date":"2019-04-25T12:21:12","date_gmt":"2019-04-25T15:21:12","guid":{"rendered":"https:\/\/eldiariodesanpedro.com.ar\/sitio\/?p=51009"},"modified":"2019-04-25T12:21:23","modified_gmt":"2019-04-25T15:21:23","slug":"la-proxima-semana-habra-dos-dias-sin-bancos","status":"publish","type":"post","link":"https:\/\/eldiariodesanpedro.com.ar\/sitio\/la-proxima-semana-habra-dos-dias-sin-bancos\/","title":{"rendered":"La pr\u00f3xima semana habr\u00e1 dos d\u00edas sin bancos"},"content":{"rendered":"<!-- VideographyWP Plugin Message: Automatic video embedding prevented by plugin options. -->\n\n<p>Los bancos p\u00fablicos y privados que operan en nuestra ciudad no abrir\u00e1n sus puertas al p\u00fablico el martes 30 de abril por el paro del Frente Sindical. y el mi\u00e9rcoles 1 de mayo por el feriado nacional. La medida fue confirmada ayer la Asociaci\u00f3n Bancaria.\u00a0<br><br>La semana pr\u00f3xima la atenci\u00f3n en los bancos de todo el pa\u00eds se ver\u00e1 afectadora en dos jornadas consecutivas y por distintos motivos. El martes 30 de abril el gremio que nuclea a los trabajadores del sector anunci\u00f3 que realizar\u00e1n un paro. Mientras tanto, el mi\u00e9rcoles 1 de mayo, es feriado por conmemorarse el D\u00eda Internacional del Trabajador. En cuanto a la medida de fuerza, el secretario general de la Asociaci\u00f3n Bancaria, Sergio Palazzo, dio a conocer que se pliegan al paro convocado por Hugo Moyano para el martes 30 de abril bajo el paraguas del Frente Sindical para el Modelo Nacional (FRESIMONA). En ese sentido, indic\u00f3: \u00abCreo que va a ser un paro muy importante. Hay much\u00edsimos sectores de la sociedad que est\u00e1n enojados. Hay que contenerlos y darles una alternativa a trav\u00e9s de un plan de lucha para confrontar con este modelo. Los n\u00fameros son por dem\u00e1s elocuentes. Por eso y porque estamos empezando el conflicto paritario, el 30 no va a haber bancos\u00bb.<\/p>\n\n\n\n<p>Fuente Diario EL Norte<\/p>\n","protected":false},"excerpt":{"rendered":"<p>Los bancos p\u00fablicos y privados que operan en nuestra ciudad no abrir\u00e1n sus puertas al p\u00fablico el martes 30 de abril por el paro del Frente Sindical. y el mi\u00e9rcoles 1 de mayo por el feriado nacional. La medida fue confirmada ayer la Asociaci\u00f3n Bancaria.\u00a0 La semana pr\u00f3xima la atenci\u00f3n en los bancos de todo [&hellip;]<\/p>\n","protected":false},"author":4,"featured_media":51010,"comment_status":"open","ping_status":"closed","sticky":false,"template":"","format":"standard","meta":{"om_disable_all_campaigns":false,"_jetpack_memberships_contains_paid_content":false,"footnotes":""},"categories":[101,2],"tags":[],"class_list":["post-51009","post","type-post","status-publish","format-standard","has-post-thumbnail","hentry","category-interes-general-locales","category-locales"],"aioseo_notices":[],"gutentor_comment":0,"jetpack_featured_media_url":"https:\/\/eldiariodesanpedro.com.ar\/sitio\/wp-content\/uploads\/2019\/04\/0-3.jpg","jetpack_shortlink":"https:\/\/wp.me\/p6RhLt-dgJ","jetpack_sharing_enabled":true,"_links":{"self":[{"href":"https:\/\/eldiariodesanpedro.com.ar\/sitio\/wp-json\/wp\/v2\/posts\/51009","targetHints":{"allow":["GET"]}}],"collection":[{"href":"https:\/\/eldiariodesanpedro.com.ar\/sitio\/wp-json\/wp\/v2\/posts"}],"about":[{"href":"https:\/\/eldiariodesanpedro.com.ar\/sitio\/wp-json\/wp\/v2\/types\/post"}],"author":[{"embeddable":true,"href":"https:\/\/eldiariodesanpedro.com.ar\/sitio\/wp-json\/wp\/v2\/users\/4"}],"replies":[{"embeddable":true,"href":"https:\/\/eldiariodesanpedro.com.ar\/sitio\/wp-json\/wp\/v2\/comments?post=51009"}],"version-history":[{"count":1,"href":"https:\/\/eldiariodesanpedro.com.ar\/sitio\/wp-json\/wp\/v2\/posts\/51009\/revisions"}],"predecessor-version":[{"id":51011,"href":"https:\/\/eldiariodesanpedro.com.ar\/sitio\/wp-json\/wp\/v2\/posts\/51009\/revisions\/51011"}],"wp:featuredmedia":[{"embeddable":true,"href":"https:\/\/eldiariodesanpedro.com.ar\/sitio\/wp-json\/wp\/v2\/media\/51010"}],"wp:attachment":[{"href":"https:\/\/eldiariodesanpedro.com.ar\/sitio\/wp-json\/wp\/v2\/media?parent=51009"}],"wp:term":[{"taxonomy":"category","embeddable":true,"href":"https:\/\/eldiariodesanpedro.com.ar\/sitio\/wp-json\/wp\/v2\/categories?post=51009"},{"taxonomy":"post_tag","embeddable":true,"href":"https:\/\/eldiariodesanpedro.com.ar\/sitio\/wp-json\/wp\/v2\/tags?post=51009"}],"curies":[{"name":"wp","href":"https:\/\/api.w.org\/{rel}","templated":true}]}}