{"id":51002,"date":"2019-04-25T10:21:45","date_gmt":"2019-04-25T13:21:45","guid":{"rendered":"https:\/\/eldiariodesanpedro.com.ar\/sitio\/?p=51002"},"modified":"2019-04-25T10:21:51","modified_gmt":"2019-04-25T13:21:51","slug":"aprehendidos-por-tenencia-de-marihuana","status":"publish","type":"post","link":"https:\/\/eldiariodesanpedro.com.ar\/sitio\/aprehendidos-por-tenencia-de-marihuana\/","title":{"rendered":"Aprehendidos por tenencia de marihuana"},"content":{"rendered":"<!-- VideographyWP Plugin Message: Automatic video embedding prevented by plugin options. -->\n\n<p>Sucedi\u00f3 en horas de la tarde de este mi\u00e9rcoles, los aprehendido tienen 27 y 29 a\u00f1os de edad.  Fueron alojados en la dependencia local.<\/p>\n\n\n\n<p>Tras operativo din\u00e1mico, el personal policial procede a interceptar a dos sujetos quienes circulaban en una motocicleta 150 cc, all\u00ed se constata que en su poder ten\u00edan dos envoltorios de sustancias de marihuana y un cigarrillo de la misma.<\/p>\n\n\n\n<p>Fueron trasladados a la dependencia local y el rodado secuestrado por falta de papeleta.<\/p>\n\n\n\n<p>Intervino la fiscalia en turno.<br><\/p>\n","protected":false},"excerpt":{"rendered":"<p>Sucedi\u00f3 en horas de la tarde de este mi\u00e9rcoles, los aprehendido tienen 27 y 29 a\u00f1os de edad. Fueron alojados en la dependencia local. Tras operativo din\u00e1mico, el personal policial procede a interceptar a dos sujetos quienes circulaban en una motocicleta 150 cc, all\u00ed se constata que en su poder ten\u00edan dos envoltorios de sustancias [&hellip;]<\/p>\n","protected":false},"author":4,"featured_media":45949,"comment_status":"open","ping_status":"closed","sticky":false,"template":"","format":"standard","meta":{"om_disable_all_campaigns":false,"_jetpack_memberships_contains_paid_content":false,"footnotes":""},"categories":[2,103],"tags":[],"class_list":["post-51002","post","type-post","status-publish","format-standard","has-post-thumbnail","hentry","category-locales","category-policiales-locales"],"aioseo_notices":[],"gutentor_comment":2,"jetpack_featured_media_url":"https:\/\/eldiariodesanpedro.com.ar\/sitio\/wp-content\/uploads\/2019\/01\/nuevos-patrulleros-policia-02_6.jpg","jetpack_shortlink":"https:\/\/wp.me\/p6RhLt-dgC","jetpack_sharing_enabled":true,"_links":{"self":[{"href":"https:\/\/eldiariodesanpedro.com.ar\/sitio\/wp-json\/wp\/v2\/posts\/51002","targetHints":{"allow":["GET"]}}],"collection":[{"href":"https:\/\/eldiariodesanpedro.com.ar\/sitio\/wp-json\/wp\/v2\/posts"}],"about":[{"href":"https:\/\/eldiariodesanpedro.com.ar\/sitio\/wp-json\/wp\/v2\/types\/post"}],"author":[{"embeddable":true,"href":"https:\/\/eldiariodesanpedro.com.ar\/sitio\/wp-json\/wp\/v2\/users\/4"}],"replies":[{"embeddable":true,"href":"https:\/\/eldiariodesanpedro.com.ar\/sitio\/wp-json\/wp\/v2\/comments?post=51002"}],"version-history":[{"count":1,"href":"https:\/\/eldiariodesanpedro.com.ar\/sitio\/wp-json\/wp\/v2\/posts\/51002\/revisions"}],"predecessor-version":[{"id":51004,"href":"https:\/\/eldiariodesanpedro.com.ar\/sitio\/wp-json\/wp\/v2\/posts\/51002\/revisions\/51004"}],"wp:featuredmedia":[{"embeddable":true,"href":"https:\/\/eldiariodesanpedro.com.ar\/sitio\/wp-json\/wp\/v2\/media\/45949"}],"wp:attachment":[{"href":"https:\/\/eldiariodesanpedro.com.ar\/sitio\/wp-json\/wp\/v2\/media?parent=51002"}],"wp:term":[{"taxonomy":"category","embeddable":true,"href":"https:\/\/eldiariodesanpedro.com.ar\/sitio\/wp-json\/wp\/v2\/categories?post=51002"},{"taxonomy":"post_tag","embeddable":true,"href":"https:\/\/eldiariodesanpedro.com.ar\/sitio\/wp-json\/wp\/v2\/tags?post=51002"}],"curies":[{"name":"wp","href":"https:\/\/api.w.org\/{rel}","templated":true}]}}