{"id":50999,"date":"2019-04-25T09:53:29","date_gmt":"2019-04-25T12:53:29","guid":{"rendered":"https:\/\/eldiariodesanpedro.com.ar\/sitio\/?p=50999"},"modified":"2019-04-25T09:53:37","modified_gmt":"2019-04-25T12:53:37","slug":"tras-allanamiento-de-urgencia-se-secuestro-un-motor-robado","status":"publish","type":"post","link":"https:\/\/eldiariodesanpedro.com.ar\/sitio\/tras-allanamiento-de-urgencia-se-secuestro-un-motor-robado\/","title":{"rendered":"Tras allanamiento de urgencia se secuestro un motor robado"},"content":{"rendered":"<!-- VideographyWP Plugin Message: Automatic video embedding prevented by plugin options. -->\n\n<p>El hecho habr\u00eda ocurrido este mi\u00e9rcoles por la tarde cuando delincuentes ignorados sustrajeron el motor de una heladera del interior de una vivienda ubicada sobre calle Boulebar Moreno al 1000.<\/p>\n\n\n\n<p>Tras el r\u00e1pido accionar del personal policial y del cuerpo investigativo se logro dar con el autor del hecho delictivo.<\/p>\n\n\n\n<p>As\u00ed fue como se estableci\u00f3 una orden de allanamiento extendido por la Justicia Ordinaria, procediendo conjuntamente con personal de Sub DDI.<\/p>\n\n\n\n<p>La diligencia se realizo en una vivienda ubicada en cercan\u00edas de donde se habr\u00eda cometido el hecho, el delincuente seria un vecino de 25 a\u00f1os de edad, quien no se encontraba en la morada.<\/p>\n\n\n\n<p>El resultado fue positivo y se pudo secuestrar el motor sustra\u00eddo.<\/p>\n\n\n\n<p>Interviene la fiscalia en turno de nuestra ciudad.<br><\/p>\n","protected":false},"excerpt":{"rendered":"<p>El hecho habr\u00eda ocurrido este mi\u00e9rcoles por la tarde cuando delincuentes ignorados sustrajeron el motor de una heladera del interior de una vivienda ubicada sobre calle Boulebar Moreno al 1000. Tras el r\u00e1pido accionar del personal policial y del cuerpo investigativo se logro dar con el autor del hecho delictivo. As\u00ed fue como se estableci\u00f3 [&hellip;]<\/p>\n","protected":false},"author":4,"featured_media":29146,"comment_status":"open","ping_status":"closed","sticky":false,"template":"","format":"standard","meta":{"om_disable_all_campaigns":false,"_jetpack_memberships_contains_paid_content":false,"footnotes":""},"categories":[50,2,103],"tags":[],"class_list":["post-50999","post","type-post","status-publish","format-standard","has-post-thumbnail","hentry","category-destacadas","category-locales","category-policiales-locales"],"aioseo_notices":[],"gutentor_comment":0,"jetpack_featured_media_url":"https:\/\/eldiariodesanpedro.com.ar\/sitio\/wp-content\/uploads\/2018\/02\/El-sujeto-aprehendido.jpg","jetpack_shortlink":"https:\/\/wp.me\/p6RhLt-dgz","jetpack_sharing_enabled":true,"_links":{"self":[{"href":"https:\/\/eldiariodesanpedro.com.ar\/sitio\/wp-json\/wp\/v2\/posts\/50999","targetHints":{"allow":["GET"]}}],"collection":[{"href":"https:\/\/eldiariodesanpedro.com.ar\/sitio\/wp-json\/wp\/v2\/posts"}],"about":[{"href":"https:\/\/eldiariodesanpedro.com.ar\/sitio\/wp-json\/wp\/v2\/types\/post"}],"author":[{"embeddable":true,"href":"https:\/\/eldiariodesanpedro.com.ar\/sitio\/wp-json\/wp\/v2\/users\/4"}],"replies":[{"embeddable":true,"href":"https:\/\/eldiariodesanpedro.com.ar\/sitio\/wp-json\/wp\/v2\/comments?post=50999"}],"version-history":[{"count":1,"href":"https:\/\/eldiariodesanpedro.com.ar\/sitio\/wp-json\/wp\/v2\/posts\/50999\/revisions"}],"predecessor-version":[{"id":51000,"href":"https:\/\/eldiariodesanpedro.com.ar\/sitio\/wp-json\/wp\/v2\/posts\/50999\/revisions\/51000"}],"wp:featuredmedia":[{"embeddable":true,"href":"https:\/\/eldiariodesanpedro.com.ar\/sitio\/wp-json\/wp\/v2\/media\/29146"}],"wp:attachment":[{"href":"https:\/\/eldiariodesanpedro.com.ar\/sitio\/wp-json\/wp\/v2\/media?parent=50999"}],"wp:term":[{"taxonomy":"category","embeddable":true,"href":"https:\/\/eldiariodesanpedro.com.ar\/sitio\/wp-json\/wp\/v2\/categories?post=50999"},{"taxonomy":"post_tag","embeddable":true,"href":"https:\/\/eldiariodesanpedro.com.ar\/sitio\/wp-json\/wp\/v2\/tags?post=50999"}],"curies":[{"name":"wp","href":"https:\/\/api.w.org\/{rel}","templated":true}]}}