{"id":50985,"date":"2019-04-24T12:09:05","date_gmt":"2019-04-24T15:09:05","guid":{"rendered":"https:\/\/eldiariodesanpedro.com.ar\/sitio\/?p=50985"},"modified":"2019-04-24T12:09:16","modified_gmt":"2019-04-24T15:09:16","slug":"actividades-en-san-pedro-por-el-dia-nacional-de-los-monumentos","status":"publish","type":"post","link":"https:\/\/eldiariodesanpedro.com.ar\/sitio\/actividades-en-san-pedro-por-el-dia-nacional-de-los-monumentos\/","title":{"rendered":"Actividades en San Pedro por el D\u00eda Nacional de los Monumentos"},"content":{"rendered":"<!-- VideographyWP Plugin Message: Automatic video embedding prevented by plugin options. -->\n\n<p>La segunda edici\u00f3n de la celebraci\u00f3n federal del\u00a0<strong><em>D\u00eda Nacional de los Monumentos 2019<\/em><\/strong>\u00a0tendr\u00e1 lugar el fin de semana del\u00a0<strong><em>4 y 5 de mayo<\/em><\/strong>\u00a0y, por su valor hist\u00f3rico, patrimonial, arquitect\u00f3nico y simb\u00f3lico, el\u00a0<strong><em>Centro de Estudios Hist\u00f3ricos\u00a0<\/em><\/strong>\u00a0ha propuesto a la\u00a0<strong><em>Direcci\u00f3n General de Aduanas<\/em><\/strong>\u00a0que el edificio de la\u00a0<strong><em>ADUADA San Pedro<\/em><\/strong>\u00a0sea el protagonista de esta excelente iniciativa que promueve a nivel nacional la valorizaci\u00f3n y el resguardo del\u00a0<strong><em>patrimonio<\/em><\/strong>\u00a0local.<\/p>\n\n\n\n<p>La actividad se desarrollar\u00e1 el&nbsp;<strong><em>domingo 5 de mayo<\/em><\/strong>&nbsp;y consistir\u00e1 en una&nbsp;<strong>VISITA GUIADA<\/strong>&nbsp;<strong>IN\u00c9DITA<\/strong>&nbsp;con el siguiente itinerario.<\/p>\n\n\n\n<p><strong>15.30 hs:<\/strong>\u00a0Iniciamos el recorrido desde el Museo Hist\u00f3rico Regional \u201cFray Jos\u00e9 Mar\u00eda Bottaro\u201d, 9 de Julio 134, con una merienda de bienvenida a cargo de Mar\u00eda Alicia Pozzi. La Profesora en Historia, Rosal\u00eda Lenguitti, nos contar\u00e1 los or\u00edgenes de la Aduana de Buenos Aires y el porqu\u00e9 de una dependencia local. Luego, la gu\u00eda de turismo, Matilde Carreras, nos acompa\u00f1ar\u00e1 a disfrutar de un hermoso paseo por la Costanera Alta de la ciudad visitando los miradores naturales, la Plazoleta Almirante Brown y el Anfiteatro Natural del V\u00eda Crucis.<\/p>\n\n\n\n<p><strong>17.00 hs:&nbsp;<\/strong>Al arribar al edificio hist\u00f3rico de la ADUANA San Pedro tendremos oportunidad de disfrutar de una experiencia \u00fanica: apreciar los exteriores y visitar los interiores de este emblem\u00e1tico edificio con la gu\u00eda t\u00e9cnica de personal de la instituci\u00f3n y de colaboradores del Centro de Estudios Hist\u00f3ricos tales como la arquitecta Ana Uriarte y la Sra. In\u00e9s Corda. Al finalizar el recorrido ser\u00e1 descubierta una placa recordatoria en el frente del edificio.<\/p>\n\n\n\n<p><em>Esta actividad requiere INSCRIPCI\u00d3N PREVIA al email&nbsp;<a href=\"mailto:sanpedro.centrohistorico@gmail.com\" target=\"_blank\" rel=\"noreferrer noopener\">sanpedro.centrohistorico@gmail.com<\/a>&nbsp;o al whatsapp 3329 330698. Cupos limitados.<\/em><\/p>\n\n\n\n<p><em>Bono contribuci\u00f3n Museo Hist\u00f3rico: $100.-<\/em><\/p>\n","protected":false},"excerpt":{"rendered":"<p>La segunda edici\u00f3n de la celebraci\u00f3n federal del\u00a0D\u00eda Nacional de los Monumentos 2019\u00a0tendr\u00e1 lugar el fin de semana del\u00a04 y 5 de mayo\u00a0y, por su valor hist\u00f3rico, patrimonial, arquitect\u00f3nico y simb\u00f3lico, el\u00a0Centro de Estudios Hist\u00f3ricos\u00a0\u00a0ha propuesto a la\u00a0Direcci\u00f3n General de Aduanas\u00a0que el edificio de la\u00a0ADUADA San Pedro\u00a0sea el protagonista de esta excelente iniciativa que promueve [&hellip;]<\/p>\n","protected":false},"author":4,"featured_media":50986,"comment_status":"open","ping_status":"closed","sticky":false,"template":"","format":"standard","meta":{"om_disable_all_campaigns":false,"_jetpack_memberships_contains_paid_content":false,"footnotes":""},"categories":[101,2],"tags":[],"class_list":["post-50985","post","type-post","status-publish","format-standard","has-post-thumbnail","hentry","category-interes-general-locales","category-locales"],"aioseo_notices":[],"gutentor_comment":0,"jetpack_featured_media_url":"https:\/\/eldiariodesanpedro.com.ar\/sitio\/wp-content\/uploads\/2019\/04\/image.jpeg","jetpack_shortlink":"https:\/\/wp.me\/p6RhLt-dgl","jetpack_sharing_enabled":true,"_links":{"self":[{"href":"https:\/\/eldiariodesanpedro.com.ar\/sitio\/wp-json\/wp\/v2\/posts\/50985","targetHints":{"allow":["GET"]}}],"collection":[{"href":"https:\/\/eldiariodesanpedro.com.ar\/sitio\/wp-json\/wp\/v2\/posts"}],"about":[{"href":"https:\/\/eldiariodesanpedro.com.ar\/sitio\/wp-json\/wp\/v2\/types\/post"}],"author":[{"embeddable":true,"href":"https:\/\/eldiariodesanpedro.com.ar\/sitio\/wp-json\/wp\/v2\/users\/4"}],"replies":[{"embeddable":true,"href":"https:\/\/eldiariodesanpedro.com.ar\/sitio\/wp-json\/wp\/v2\/comments?post=50985"}],"version-history":[{"count":1,"href":"https:\/\/eldiariodesanpedro.com.ar\/sitio\/wp-json\/wp\/v2\/posts\/50985\/revisions"}],"predecessor-version":[{"id":50988,"href":"https:\/\/eldiariodesanpedro.com.ar\/sitio\/wp-json\/wp\/v2\/posts\/50985\/revisions\/50988"}],"wp:featuredmedia":[{"embeddable":true,"href":"https:\/\/eldiariodesanpedro.com.ar\/sitio\/wp-json\/wp\/v2\/media\/50986"}],"wp:attachment":[{"href":"https:\/\/eldiariodesanpedro.com.ar\/sitio\/wp-json\/wp\/v2\/media?parent=50985"}],"wp:term":[{"taxonomy":"category","embeddable":true,"href":"https:\/\/eldiariodesanpedro.com.ar\/sitio\/wp-json\/wp\/v2\/categories?post=50985"},{"taxonomy":"post_tag","embeddable":true,"href":"https:\/\/eldiariodesanpedro.com.ar\/sitio\/wp-json\/wp\/v2\/tags?post=50985"}],"curies":[{"name":"wp","href":"https:\/\/api.w.org\/{rel}","templated":true}]}}