{"id":50984,"date":"2019-04-24T12:10:01","date_gmt":"2019-04-24T15:10:01","guid":{"rendered":"https:\/\/eldiariodesanpedro.com.ar\/sitio\/?p=50984"},"modified":"2019-04-24T12:10:12","modified_gmt":"2019-04-24T15:10:12","slug":"denuncian-abandono-de-persona-a-medicos-de-la-clinica-san-pedro","status":"publish","type":"post","link":"https:\/\/eldiariodesanpedro.com.ar\/sitio\/denuncian-abandono-de-persona-a-medicos-de-la-clinica-san-pedro\/","title":{"rendered":"Denuncian abandono de persona a m\u00e9dicos de la cl\u00ednica San Pedro"},"content":{"rendered":"<!-- VideographyWP Plugin Message: Automatic video embedding prevented by plugin options. -->\n\n<p>As\u00ed lo denuncian Jorge y Victoria penalmente en la Fiscalia de nuestra ciudad. Su beba naci\u00f3 de 22 semanas de gestaci\u00f3n, muri\u00f3 a las pocas horas y nadie le supo dar respuestas.<\/p>\n\n\n\n<p>\u00abVictoria llego con muchas perdidas a la cl\u00ednica, buscando al ginec\u00f3logo para que le ayudara\u00bb, relata Jorge a un medio radial.<\/p>\n\n\n\n<p>\u00abLo cierto es que supuestamente estaba y despu\u00e9s no, la atiende otro doctor y la dejan internada con suero, luego de una hora y media la trasladan a la sala de parto y mi hija naci\u00f3!, con 5 meses de gestaci\u00f3n\u00bb<\/p>\n\n\n\n<p>\u00abTen\u00edamos mucho miedo, era muy chiquita, ellos la pusieron en la encubadora, sin entubarla nada, pero nosotros nos quedamos con la noticia de que hab\u00eda nacido bien\u00bb.<\/p>\n\n\n\n<p> En medio de un sentimiento de alegr\u00eda a la vez se le sumaba un sentimiento de angustia y desesperaci\u00f3n, a los papas ning\u00fan medico les dec\u00eda que iba a pasar,  cuando en un momento les avisan que su hija hab\u00eda fallecido y que necesitaban que vallan a buscar una urna a COOPSER.<\/p>\n\n\n\n<p>\u00abAhi fue cuando desesperadamente intento hablar con una psicologa, alguien que se lo comunique a mi mujer, nadie habia, a las pocas horas viene un familiar nuestro y pide vernos y desde la mesa de entrada le comunican que la beba no habia fallecido subo a sala de parto y la veo ahi, moviendose, vuelvo y le dijo a mi mujer que pasaba, nuestra hija estaba viva\u00bb<\/p>\n\n\n\n<p>\u00abViene una enfermera, uego se la traen a ella y se la dejan tener en brazos, le preguntamos si le iban a dar de comer y nos dijeron que no, que no tenia organos\u00bb<\/p>\n\n\n\n<p>Asi fue como insistin y la familia pide el traslado a un centro de mayor complejidad para poder asistirla mejor por que no estaban conformes con la atencion de la Clinica San Pedro \u00abla Dr Tomasielo se enojo con nosotros porque fuimos a las redes sociales y escribimos y pedimos ayuda, porque fuimos a los medios la clinica nos cerro las puertas\u00bb<\/p>\n\n\n\n<p>El gran dolor se produjo un dia despues, cuando el 23 de marzo, la beba muri\u00f3 \u00abLa beb\u00e9 no aguant\u00f3 m\u00e1s pero antes de que fallezca subieron la incubadora y le dijeron a mi mujer que la tenga hasta que se termine todo\u00bb<\/p>\n\n\n\n<p>La denuncia presentaba en la Fiscal\u00eda, plantea abandono de persona, mala praxis y negligencia. \u00abDespu\u00e9s de lo que pas\u00f3 todos nos preguntaban en la cl\u00ednica si \u00edbamos a hacer juicio, era lo \u00fanico que les preocupaba\u00bb. <\/p>\n\n\n\n<figure class=\"wp-block-image\"><img decoding=\"async\" width=\"960\" height=\"960\" data-attachment-id=\"50987\" data-permalink=\"https:\/\/eldiariodesanpedro.com.ar\/sitio\/denuncian-abandono-de-persona-a-medicos-de-la-clinica-san-pedro\/54731255_1713961345416509_8279660377805946880_n\/\" data-orig-file=\"https:\/\/eldiariodesanpedro.com.ar\/sitio\/wp-content\/uploads\/2019\/04\/54731255_1713961345416509_8279660377805946880_n.jpg\" data-orig-size=\"960,960\" data-comments-opened=\"1\" data-image-meta=\"{&quot;aperture&quot;:&quot;0&quot;,&quot;credit&quot;:&quot;&quot;,&quot;camera&quot;:&quot;&quot;,&quot;caption&quot;:&quot;&quot;,&quot;created_timestamp&quot;:&quot;0&quot;,&quot;copyright&quot;:&quot;&quot;,&quot;focal_length&quot;:&quot;0&quot;,&quot;iso&quot;:&quot;0&quot;,&quot;shutter_speed&quot;:&quot;0&quot;,&quot;title&quot;:&quot;&quot;,&quot;orientation&quot;:&quot;0&quot;}\" data-image-title=\"54731255_1713961345416509_8279660377805946880_n\" data-image-description=\"\" data-image-caption=\"\" data-large-file=\"https:\/\/eldiariodesanpedro.com.ar\/sitio\/wp-content\/uploads\/2019\/04\/54731255_1713961345416509_8279660377805946880_n.jpg\" data-src=\"https:\/\/eldiariodesanpedro.com.ar\/sitio\/wp-content\/uploads\/2019\/04\/54731255_1713961345416509_8279660377805946880_n.jpg\" alt=\"\" class=\"wp-image-50987 lazyload\" data-srcset=\"https:\/\/eldiariodesanpedro.com.ar\/sitio\/wp-content\/uploads\/2019\/04\/54731255_1713961345416509_8279660377805946880_n.jpg 960w, https:\/\/eldiariodesanpedro.com.ar\/sitio\/wp-content\/uploads\/2019\/04\/54731255_1713961345416509_8279660377805946880_n-150x150.jpg 150w, https:\/\/eldiariodesanpedro.com.ar\/sitio\/wp-content\/uploads\/2019\/04\/54731255_1713961345416509_8279660377805946880_n-300x300.jpg 300w, https:\/\/eldiariodesanpedro.com.ar\/sitio\/wp-content\/uploads\/2019\/04\/54731255_1713961345416509_8279660377805946880_n-768x768.jpg 768w\" data-sizes=\"(max-width: 960px) 100vw, 960px\" src=\"data:image\/svg+xml;base64,PHN2ZyB3aWR0aD0iMSIgaGVpZ2h0PSIxIiB4bWxucz0iaHR0cDovL3d3dy53My5vcmcvMjAwMC9zdmciPjwvc3ZnPg==\" style=\"--smush-placeholder-width: 960px; --smush-placeholder-aspect-ratio: 960\/960;\" \/><\/figure>\n","protected":false},"excerpt":{"rendered":"<p>As\u00ed lo denuncian Jorge y Victoria penalmente en la Fiscalia de nuestra ciudad. Su beba naci\u00f3 de 22 semanas de gestaci\u00f3n, muri\u00f3 a las pocas horas y nadie le supo dar respuestas. \u00abVictoria llego con muchas perdidas a la cl\u00ednica, buscando al ginec\u00f3logo para que le ayudara\u00bb, relata Jorge a un medio radial. \u00abLo cierto [&hellip;]<\/p>\n","protected":false},"author":4,"featured_media":36469,"comment_status":"open","ping_status":"closed","sticky":false,"template":"","format":"standard","meta":{"om_disable_all_campaigns":false,"_jetpack_memberships_contains_paid_content":false,"footnotes":""},"categories":[50,101,2],"tags":[],"class_list":["post-50984","post","type-post","status-publish","format-standard","has-post-thumbnail","hentry","category-destacadas","category-interes-general-locales","category-locales"],"aioseo_notices":[],"gutentor_comment":0,"jetpack_featured_media_url":"https:\/\/eldiariodesanpedro.com.ar\/sitio\/wp-content\/uploads\/2018\/07\/clinica-san-pedro.jpg","jetpack_shortlink":"https:\/\/wp.me\/p6RhLt-dgk","jetpack_sharing_enabled":true,"_links":{"self":[{"href":"https:\/\/eldiariodesanpedro.com.ar\/sitio\/wp-json\/wp\/v2\/posts\/50984","targetHints":{"allow":["GET"]}}],"collection":[{"href":"https:\/\/eldiariodesanpedro.com.ar\/sitio\/wp-json\/wp\/v2\/posts"}],"about":[{"href":"https:\/\/eldiariodesanpedro.com.ar\/sitio\/wp-json\/wp\/v2\/types\/post"}],"author":[{"embeddable":true,"href":"https:\/\/eldiariodesanpedro.com.ar\/sitio\/wp-json\/wp\/v2\/users\/4"}],"replies":[{"embeddable":true,"href":"https:\/\/eldiariodesanpedro.com.ar\/sitio\/wp-json\/wp\/v2\/comments?post=50984"}],"version-history":[{"count":1,"href":"https:\/\/eldiariodesanpedro.com.ar\/sitio\/wp-json\/wp\/v2\/posts\/50984\/revisions"}],"predecessor-version":[{"id":50989,"href":"https:\/\/eldiariodesanpedro.com.ar\/sitio\/wp-json\/wp\/v2\/posts\/50984\/revisions\/50989"}],"wp:featuredmedia":[{"embeddable":true,"href":"https:\/\/eldiariodesanpedro.com.ar\/sitio\/wp-json\/wp\/v2\/media\/36469"}],"wp:attachment":[{"href":"https:\/\/eldiariodesanpedro.com.ar\/sitio\/wp-json\/wp\/v2\/media?parent=50984"}],"wp:term":[{"taxonomy":"category","embeddable":true,"href":"https:\/\/eldiariodesanpedro.com.ar\/sitio\/wp-json\/wp\/v2\/categories?post=50984"},{"taxonomy":"post_tag","embeddable":true,"href":"https:\/\/eldiariodesanpedro.com.ar\/sitio\/wp-json\/wp\/v2\/tags?post=50984"}],"curies":[{"name":"wp","href":"https:\/\/api.w.org\/{rel}","templated":true}]}}