{"id":50981,"date":"2019-04-24T11:37:01","date_gmt":"2019-04-24T14:37:01","guid":{"rendered":"https:\/\/eldiariodesanpedro.com.ar\/sitio\/?p=50981"},"modified":"2019-04-24T11:37:09","modified_gmt":"2019-04-24T14:37:09","slug":"mujer-denuncia-haber-sido-agredida-en-la-via-publica","status":"publish","type":"post","link":"https:\/\/eldiariodesanpedro.com.ar\/sitio\/mujer-denuncia-haber-sido-agredida-en-la-via-publica\/","title":{"rendered":"Mujer denuncia haber sido agredida en la v\u00eda p\u00fablica"},"content":{"rendered":"<!-- VideographyWP Plugin Message: Automatic video embedding prevented by plugin options. -->\n\n<p>Este martes se recibi\u00f3 la denuncia de un masculino 32 a\u00f1os\u00a0que en San Lorenzo y Ansaloni siendo las 10:20 horas, es agredido v\u00eda p\u00fablica por una mujer mayor de edad a la que reconoce con arma blanca tipo cuchillo, provocando lesiones en miembro superior sin gravedad.<\/p>\n\n\n\n<p>En el hospital local se determin\u00f3 que presentaba lesiones leves, seg\u00fan se pudo constatar por declaraciones ser\u00eda un problema de vieja data. <\/p>\n","protected":false},"excerpt":{"rendered":"<p>Este martes se recibi\u00f3 la denuncia de un masculino 32 a\u00f1os\u00a0que en San Lorenzo y Ansaloni siendo las 10:20 horas, es agredido v\u00eda p\u00fablica por una mujer mayor de edad a la que reconoce con arma blanca tipo cuchillo, provocando lesiones en miembro superior sin gravedad. En el hospital local se determin\u00f3 que presentaba lesiones [&hellip;]<\/p>\n","protected":false},"author":4,"featured_media":16989,"comment_status":"open","ping_status":"closed","sticky":false,"template":"","format":"standard","meta":{"om_disable_all_campaigns":false,"_jetpack_memberships_contains_paid_content":false,"footnotes":""},"categories":[2,103],"tags":[],"class_list":["post-50981","post","type-post","status-publish","format-standard","has-post-thumbnail","hentry","category-locales","category-policiales-locales"],"aioseo_notices":[],"gutentor_comment":6,"jetpack_featured_media_url":"https:\/\/eldiariodesanpedro.com.ar\/sitio\/wp-content\/uploads\/2017\/04\/DSC_0221-e1492514769862.jpg","jetpack_shortlink":"https:\/\/wp.me\/p6RhLt-dgh","jetpack_sharing_enabled":true,"_links":{"self":[{"href":"https:\/\/eldiariodesanpedro.com.ar\/sitio\/wp-json\/wp\/v2\/posts\/50981","targetHints":{"allow":["GET"]}}],"collection":[{"href":"https:\/\/eldiariodesanpedro.com.ar\/sitio\/wp-json\/wp\/v2\/posts"}],"about":[{"href":"https:\/\/eldiariodesanpedro.com.ar\/sitio\/wp-json\/wp\/v2\/types\/post"}],"author":[{"embeddable":true,"href":"https:\/\/eldiariodesanpedro.com.ar\/sitio\/wp-json\/wp\/v2\/users\/4"}],"replies":[{"embeddable":true,"href":"https:\/\/eldiariodesanpedro.com.ar\/sitio\/wp-json\/wp\/v2\/comments?post=50981"}],"version-history":[{"count":1,"href":"https:\/\/eldiariodesanpedro.com.ar\/sitio\/wp-json\/wp\/v2\/posts\/50981\/revisions"}],"predecessor-version":[{"id":50982,"href":"https:\/\/eldiariodesanpedro.com.ar\/sitio\/wp-json\/wp\/v2\/posts\/50981\/revisions\/50982"}],"wp:featuredmedia":[{"embeddable":true,"href":"https:\/\/eldiariodesanpedro.com.ar\/sitio\/wp-json\/wp\/v2\/media\/16989"}],"wp:attachment":[{"href":"https:\/\/eldiariodesanpedro.com.ar\/sitio\/wp-json\/wp\/v2\/media?parent=50981"}],"wp:term":[{"taxonomy":"category","embeddable":true,"href":"https:\/\/eldiariodesanpedro.com.ar\/sitio\/wp-json\/wp\/v2\/categories?post=50981"},{"taxonomy":"post_tag","embeddable":true,"href":"https:\/\/eldiariodesanpedro.com.ar\/sitio\/wp-json\/wp\/v2\/tags?post=50981"}],"curies":[{"name":"wp","href":"https:\/\/api.w.org\/{rel}","templated":true}]}}