{"id":50975,"date":"2019-04-24T11:26:24","date_gmt":"2019-04-24T14:26:24","guid":{"rendered":"https:\/\/eldiariodesanpedro.com.ar\/sitio\/?p=50975"},"modified":"2019-04-24T11:26:36","modified_gmt":"2019-04-24T14:26:36","slug":"zarate-desbaratan-vivero-de-marihuana","status":"publish","type":"post","link":"https:\/\/eldiariodesanpedro.com.ar\/sitio\/zarate-desbaratan-vivero-de-marihuana\/","title":{"rendered":"ZARATE: Desbaratan vivero de marihuana"},"content":{"rendered":"<!-- VideographyWP Plugin Message: Automatic video embedding prevented by plugin options. -->\n\n<p>Tanto los aprehendidos como la totalidad de los elementos secuestrados quedaron a disposici\u00f3n del Juzgado Federal de Z\u00e1rate \u2013 Campana, en una causa caratulada como \u201cInfracci\u00f3n a la Ley N\u00ba 23.737\u201d. <\/p>\n\n\n\n<p>La Divisi\u00f3n Operaciones Antidrogas Centro, de la Polic\u00eda Federal, desbarat\u00f3 una organizaci\u00f3n dedicada al cultivo, acopio, fraccionamiento y comercializaci\u00f3n de marihuana.&nbsp;<\/p>\n\n\n\n<p>Voceros oficiales informaron que, tras una serie de investigaciones llevadas a cabo por la polic\u00eda y coordinadas por el Juzgado Federal N\u00ba 1 de Campana, se ordenaron dos allanamientos, uno en el barrio porte\u00f1o de Palermo, y el segundo de ellos en un terreno del barrio Carabassa, de Pilar.<\/p>\n\n\n\n<p>De acuerdo a lo que revelaron las mismas fuentes, \u00a0ayer por la ma\u00f1ana tuvo lugar un allanamiento en un departamento ubicado sobre Avenida C\u00f3rdoba al 3.400, en Palermo, donde funcionaba un \u201claboratorio\u201d donde se fraccionaba y envasaba la droga para su posterior distribuci\u00f3n y comercializaci\u00f3n. All\u00ed fueron detenidos tres sujetos de 25, 36 y 38 a\u00f1os.<\/p>\n\n\n\n<p>Fuente: Zarate Alerta<\/p>\n","protected":false},"excerpt":{"rendered":"<p>Tanto los aprehendidos como la totalidad de los elementos secuestrados quedaron a disposici\u00f3n del Juzgado Federal de Z\u00e1rate \u2013 Campana, en una causa caratulada como \u201cInfracci\u00f3n a la Ley N\u00ba 23.737\u201d. La Divisi\u00f3n Operaciones Antidrogas Centro, de la Polic\u00eda Federal, desbarat\u00f3 una organizaci\u00f3n dedicada al cultivo, acopio, fraccionamiento y comercializaci\u00f3n de marihuana.&nbsp; Voceros oficiales informaron [&hellip;]<\/p>\n","protected":false},"author":4,"featured_media":50976,"comment_status":"open","ping_status":"closed","sticky":false,"template":"","format":"standard","meta":{"om_disable_all_campaigns":false,"_jetpack_memberships_contains_paid_content":false,"footnotes":""},"categories":[621],"tags":[],"class_list":["post-50975","post","type-post","status-publish","format-standard","has-post-thumbnail","hentry","category-regionales"],"aioseo_notices":[],"gutentor_comment":0,"jetpack_featured_media_url":"https:\/\/eldiariodesanpedro.com.ar\/sitio\/wp-content\/uploads\/2019\/04\/pfa.jpg_244472.jpg","jetpack_shortlink":"https:\/\/wp.me\/p6RhLt-dgb","jetpack_sharing_enabled":true,"_links":{"self":[{"href":"https:\/\/eldiariodesanpedro.com.ar\/sitio\/wp-json\/wp\/v2\/posts\/50975","targetHints":{"allow":["GET"]}}],"collection":[{"href":"https:\/\/eldiariodesanpedro.com.ar\/sitio\/wp-json\/wp\/v2\/posts"}],"about":[{"href":"https:\/\/eldiariodesanpedro.com.ar\/sitio\/wp-json\/wp\/v2\/types\/post"}],"author":[{"embeddable":true,"href":"https:\/\/eldiariodesanpedro.com.ar\/sitio\/wp-json\/wp\/v2\/users\/4"}],"replies":[{"embeddable":true,"href":"https:\/\/eldiariodesanpedro.com.ar\/sitio\/wp-json\/wp\/v2\/comments?post=50975"}],"version-history":[{"count":1,"href":"https:\/\/eldiariodesanpedro.com.ar\/sitio\/wp-json\/wp\/v2\/posts\/50975\/revisions"}],"predecessor-version":[{"id":50977,"href":"https:\/\/eldiariodesanpedro.com.ar\/sitio\/wp-json\/wp\/v2\/posts\/50975\/revisions\/50977"}],"wp:featuredmedia":[{"embeddable":true,"href":"https:\/\/eldiariodesanpedro.com.ar\/sitio\/wp-json\/wp\/v2\/media\/50976"}],"wp:attachment":[{"href":"https:\/\/eldiariodesanpedro.com.ar\/sitio\/wp-json\/wp\/v2\/media?parent=50975"}],"wp:term":[{"taxonomy":"category","embeddable":true,"href":"https:\/\/eldiariodesanpedro.com.ar\/sitio\/wp-json\/wp\/v2\/categories?post=50975"},{"taxonomy":"post_tag","embeddable":true,"href":"https:\/\/eldiariodesanpedro.com.ar\/sitio\/wp-json\/wp\/v2\/tags?post=50975"}],"curies":[{"name":"wp","href":"https:\/\/api.w.org\/{rel}","templated":true}]}}