{"id":50972,"date":"2019-04-24T11:17:37","date_gmt":"2019-04-24T14:17:37","guid":{"rendered":"https:\/\/eldiariodesanpedro.com.ar\/sitio\/?p=50972"},"modified":"2019-04-24T11:17:52","modified_gmt":"2019-04-24T14:17:52","slug":"arrecifes-macri-inauguro-un-nuevo-tramo-de-la-autopista-8","status":"publish","type":"post","link":"https:\/\/eldiariodesanpedro.com.ar\/sitio\/arrecifes-macri-inauguro-un-nuevo-tramo-de-la-autopista-8\/","title":{"rendered":"ARRECIFES: Macri inaugur\u00f3 un nuevo tramo de la Autopista 8"},"content":{"rendered":"<!-- VideographyWP Plugin Message: Automatic video embedding prevented by plugin options. -->\n\n<p>Esta ma\u00f1ana de martes, en el kil\u00f3metro 99 de la Ruta Nacional N\u00ba 8, el intendente Javier Olaeta particip\u00f3 junto al presidente Mauricio Macri, la gobernadora Mar\u00eda Eugenia Vidal, el ministro Guillermo Dietrich y otros jefes comunales del corredor de la Ruta 8, de la inauguraci\u00f3n de un nuevo tramo de la Autopista Pilar \u2013 Pergamino.<\/p>\n\n\n\n<p>En esta oportunidad se dej\u00f3 habilitado el trazado hasta la localidad de Sol\u00eds, y en los pr\u00f3ximos meses est\u00e1 previsto que la autopista ya se encuentre culminada, cumpliendo as\u00ed con la primera obra que anunci\u00f3 el presidente cuando asumi\u00f3 su gesti\u00f3n.<\/p>\n\n\n\n<p>\u201cLes prometo, as\u00ed como les promet\u00ed que \u00edbamos a cumplir esta fecha, que antes de fines del 2019 vamos a tener terminado los 8 tramos de la Ruta 8\u201d, asegur\u00f3 Macri.<\/p>\n\n\n\n<p>Con este avance, el trayecto de Arrecifes a Buenos Aires por la Ruta 8 ya cuenta con m\u00e1s de la mitad de su recorrido a trav\u00e9s de autopista, con los beneficios que ello implica para la seguridad del tr\u00e1nsito vehicular.<\/p>\n\n\n\n<p>Fuente: Arrecifes Noticias<\/p>\n","protected":false},"excerpt":{"rendered":"<p>Esta ma\u00f1ana de martes, en el kil\u00f3metro 99 de la Ruta Nacional N\u00ba 8, el intendente Javier Olaeta particip\u00f3 junto al presidente Mauricio Macri, la gobernadora Mar\u00eda Eugenia Vidal, el ministro Guillermo Dietrich y otros jefes comunales del corredor de la Ruta 8, de la inauguraci\u00f3n de un nuevo tramo de la Autopista Pilar \u2013 [&hellip;]<\/p>\n","protected":false},"author":4,"featured_media":50973,"comment_status":"open","ping_status":"closed","sticky":false,"template":"","format":"standard","meta":{"om_disable_all_campaigns":false,"_jetpack_memberships_contains_paid_content":false,"footnotes":""},"categories":[621],"tags":[],"class_list":["post-50972","post","type-post","status-publish","format-standard","has-post-thumbnail","hentry","category-regionales"],"aioseo_notices":[],"gutentor_comment":0,"jetpack_featured_media_url":"https:\/\/eldiariodesanpedro.com.ar\/sitio\/wp-content\/uploads\/2019\/04\/autopista.png","jetpack_shortlink":"https:\/\/wp.me\/p6RhLt-dg8","jetpack_sharing_enabled":true,"_links":{"self":[{"href":"https:\/\/eldiariodesanpedro.com.ar\/sitio\/wp-json\/wp\/v2\/posts\/50972","targetHints":{"allow":["GET"]}}],"collection":[{"href":"https:\/\/eldiariodesanpedro.com.ar\/sitio\/wp-json\/wp\/v2\/posts"}],"about":[{"href":"https:\/\/eldiariodesanpedro.com.ar\/sitio\/wp-json\/wp\/v2\/types\/post"}],"author":[{"embeddable":true,"href":"https:\/\/eldiariodesanpedro.com.ar\/sitio\/wp-json\/wp\/v2\/users\/4"}],"replies":[{"embeddable":true,"href":"https:\/\/eldiariodesanpedro.com.ar\/sitio\/wp-json\/wp\/v2\/comments?post=50972"}],"version-history":[{"count":1,"href":"https:\/\/eldiariodesanpedro.com.ar\/sitio\/wp-json\/wp\/v2\/posts\/50972\/revisions"}],"predecessor-version":[{"id":50974,"href":"https:\/\/eldiariodesanpedro.com.ar\/sitio\/wp-json\/wp\/v2\/posts\/50972\/revisions\/50974"}],"wp:featuredmedia":[{"embeddable":true,"href":"https:\/\/eldiariodesanpedro.com.ar\/sitio\/wp-json\/wp\/v2\/media\/50973"}],"wp:attachment":[{"href":"https:\/\/eldiariodesanpedro.com.ar\/sitio\/wp-json\/wp\/v2\/media?parent=50972"}],"wp:term":[{"taxonomy":"category","embeddable":true,"href":"https:\/\/eldiariodesanpedro.com.ar\/sitio\/wp-json\/wp\/v2\/categories?post=50972"},{"taxonomy":"post_tag","embeddable":true,"href":"https:\/\/eldiariodesanpedro.com.ar\/sitio\/wp-json\/wp\/v2\/tags?post=50972"}],"curies":[{"name":"wp","href":"https:\/\/api.w.org\/{rel}","templated":true}]}}