{"id":50962,"date":"2019-04-24T11:05:22","date_gmt":"2019-04-24T14:05:22","guid":{"rendered":"https:\/\/eldiariodesanpedro.com.ar\/sitio\/?p=50962"},"modified":"2019-04-24T11:05:34","modified_gmt":"2019-04-24T14:05:34","slug":"ramallo-agreden-a-una-docente-en-la-secundaria-n2-2","status":"publish","type":"post","link":"https:\/\/eldiariodesanpedro.com.ar\/sitio\/ramallo-agreden-a-una-docente-en-la-secundaria-n2-2\/","title":{"rendered":"RAMALLO: Agreden a una docente en la Secundaria N\u00b02"},"content":{"rendered":"<!-- VideographyWP Plugin Message: Automatic video embedding prevented by plugin options. -->\n\n<p>La madre de una alumna irrumpi\u00f3 en plena clase para golpear y amenazar a una docente de la escuela secundaria N\u00b02 de Ramallo. El hecho ocurri\u00f3 el mi\u00e9rcoles pasado durante el turno ma\u00f1ana en el establecimiento ubicado en Av. San Mart\u00edn y Sarmiento de la ciudad cabecera.<\/p>\n\n\n\n<p>La docente le hab\u00eda pedido a una alumna que no durmiera durante la clase. La joven se enoj\u00f3 con la docente y le escribi\u00f3 a su madre por el celular para que vaya a buscar a la escuela. La madre de la alumna entr\u00f3 violentamente al aula, agredi\u00f3 f\u00edsica y verbalmente a la docente, quien termin\u00f3 con un golpe en la cabeza.<\/p>\n\n\n\n<p>Adem\u00e1s la mujer amenaz\u00f3 a la docente, argumentado que \u201csab\u00eda qui\u00e9n era, y d\u00f3nde viv\u00edan sus hijos\u201d. La maestro realiz\u00f3 la denuncia correspondiente en la Comisaria Primera de Ramallo.<\/p>\n\n\n\n<p>Hasta el momento las autoridades del Consejo Escolar de Ramallo y la Jefatura Distrital no se han expresado p\u00fablicamente sobre el hecho.<\/p>\n\n\n\n<p>Fuente: Ramallo Informa<\/p>\n","protected":false},"excerpt":{"rendered":"<p>La madre de una alumna irrumpi\u00f3 en plena clase para golpear y amenazar a una docente de la escuela secundaria N\u00b02 de Ramallo. El hecho ocurri\u00f3 el mi\u00e9rcoles pasado durante el turno ma\u00f1ana en el establecimiento ubicado en Av. San Mart\u00edn y Sarmiento de la ciudad cabecera. La docente le hab\u00eda pedido a una alumna [&hellip;]<\/p>\n","protected":false},"author":4,"featured_media":50963,"comment_status":"open","ping_status":"closed","sticky":false,"template":"","format":"standard","meta":{"om_disable_all_campaigns":false,"_jetpack_memberships_contains_paid_content":false,"footnotes":""},"categories":[621],"tags":[],"class_list":["post-50962","post","type-post","status-publish","format-standard","has-post-thumbnail","hentry","category-regionales"],"aioseo_notices":[],"gutentor_comment":0,"jetpack_featured_media_url":"https:\/\/eldiariodesanpedro.com.ar\/sitio\/wp-content\/uploads\/2019\/04\/escuela-2-leloir-1.jpg","jetpack_shortlink":"https:\/\/wp.me\/p6RhLt-dfY","jetpack_sharing_enabled":true,"_links":{"self":[{"href":"https:\/\/eldiariodesanpedro.com.ar\/sitio\/wp-json\/wp\/v2\/posts\/50962","targetHints":{"allow":["GET"]}}],"collection":[{"href":"https:\/\/eldiariodesanpedro.com.ar\/sitio\/wp-json\/wp\/v2\/posts"}],"about":[{"href":"https:\/\/eldiariodesanpedro.com.ar\/sitio\/wp-json\/wp\/v2\/types\/post"}],"author":[{"embeddable":true,"href":"https:\/\/eldiariodesanpedro.com.ar\/sitio\/wp-json\/wp\/v2\/users\/4"}],"replies":[{"embeddable":true,"href":"https:\/\/eldiariodesanpedro.com.ar\/sitio\/wp-json\/wp\/v2\/comments?post=50962"}],"version-history":[{"count":1,"href":"https:\/\/eldiariodesanpedro.com.ar\/sitio\/wp-json\/wp\/v2\/posts\/50962\/revisions"}],"predecessor-version":[{"id":50964,"href":"https:\/\/eldiariodesanpedro.com.ar\/sitio\/wp-json\/wp\/v2\/posts\/50962\/revisions\/50964"}],"wp:featuredmedia":[{"embeddable":true,"href":"https:\/\/eldiariodesanpedro.com.ar\/sitio\/wp-json\/wp\/v2\/media\/50963"}],"wp:attachment":[{"href":"https:\/\/eldiariodesanpedro.com.ar\/sitio\/wp-json\/wp\/v2\/media?parent=50962"}],"wp:term":[{"taxonomy":"category","embeddable":true,"href":"https:\/\/eldiariodesanpedro.com.ar\/sitio\/wp-json\/wp\/v2\/categories?post=50962"},{"taxonomy":"post_tag","embeddable":true,"href":"https:\/\/eldiariodesanpedro.com.ar\/sitio\/wp-json\/wp\/v2\/tags?post=50962"}],"curies":[{"name":"wp","href":"https:\/\/api.w.org\/{rel}","templated":true}]}}