{"id":50957,"date":"2019-04-24T11:01:43","date_gmt":"2019-04-24T14:01:43","guid":{"rendered":"https:\/\/eldiariodesanpedro.com.ar\/sitio\/?p=50957"},"modified":"2019-04-24T11:01:54","modified_gmt":"2019-04-24T14:01:54","slug":"ramallo-borracho-le-pego-a-una-mujer-policia","status":"publish","type":"post","link":"https:\/\/eldiariodesanpedro.com.ar\/sitio\/ramallo-borracho-le-pego-a-una-mujer-policia\/","title":{"rendered":"RAMALLO: Borracho le peg\u00f3 a una mujer polic\u00eda"},"content":{"rendered":"<!-- VideographyWP Plugin Message: Automatic video embedding prevented by plugin options. -->\n\n<p>En un hecho doblemente repudiable, por violencia de g\u00e9nero y resistencia a la autoridad, el ebrio fue detenido.<br>Ocurri\u00f3 en Ramallo, en la intersecci\u00f3n de Moreno y Gomendio, el pasado jueves 18 de abril.<\/p>\n\n\n\n<p>Tras una denuncia recibida en la Comisar\u00eda Primera de la mencionada localidad, los uniformados se acercaron a contener una situaci\u00f3n de disturbios generados por un hombre mayor de edad.<\/p>\n\n\n\n<p>Al hacerlo, se encontraron con el sujeto de 31 a\u00f1os que estaba visiblemente alcoholizado. Un oficial femenino intent\u00f3 bajarle los decibeles al hombre y al darse cuenta que ser\u00eda detenido, agredi\u00f3 a la polic\u00eda, provoc\u00e1ndole lesiones.<\/p>\n\n\n\n<p>Tras su detenci\u00f3n, la uniformada fue revisada por un m\u00e9dico que determin\u00f3 lesiones leves en el hombro izquierdo. El aprehendido fue imputado en una causa caratulada como atentado y resistencia a la autoridad.<\/p>\n\n\n\n<p>Fuente: Ramallo Informa<\/p>\n","protected":false},"excerpt":{"rendered":"<p>En un hecho doblemente repudiable, por violencia de g\u00e9nero y resistencia a la autoridad, el ebrio fue detenido.Ocurri\u00f3 en Ramallo, en la intersecci\u00f3n de Moreno y Gomendio, el pasado jueves 18 de abril. Tras una denuncia recibida en la Comisar\u00eda Primera de la mencionada localidad, los uniformados se acercaron a contener una situaci\u00f3n de disturbios [&hellip;]<\/p>\n","protected":false},"author":4,"featured_media":50958,"comment_status":"open","ping_status":"closed","sticky":false,"template":"","format":"standard","meta":{"om_disable_all_campaigns":false,"_jetpack_memberships_contains_paid_content":false,"footnotes":""},"categories":[621],"tags":[],"class_list":["post-50957","post","type-post","status-publish","format-standard","has-post-thumbnail","hentry","category-regionales"],"aioseo_notices":[],"gutentor_comment":0,"jetpack_featured_media_url":"https:\/\/eldiariodesanpedro.com.ar\/sitio\/wp-content\/uploads\/2019\/04\/Oliva-y-Leloir.jpg","jetpack_shortlink":"https:\/\/wp.me\/p6RhLt-dfT","jetpack_sharing_enabled":true,"_links":{"self":[{"href":"https:\/\/eldiariodesanpedro.com.ar\/sitio\/wp-json\/wp\/v2\/posts\/50957","targetHints":{"allow":["GET"]}}],"collection":[{"href":"https:\/\/eldiariodesanpedro.com.ar\/sitio\/wp-json\/wp\/v2\/posts"}],"about":[{"href":"https:\/\/eldiariodesanpedro.com.ar\/sitio\/wp-json\/wp\/v2\/types\/post"}],"author":[{"embeddable":true,"href":"https:\/\/eldiariodesanpedro.com.ar\/sitio\/wp-json\/wp\/v2\/users\/4"}],"replies":[{"embeddable":true,"href":"https:\/\/eldiariodesanpedro.com.ar\/sitio\/wp-json\/wp\/v2\/comments?post=50957"}],"version-history":[{"count":1,"href":"https:\/\/eldiariodesanpedro.com.ar\/sitio\/wp-json\/wp\/v2\/posts\/50957\/revisions"}],"predecessor-version":[{"id":50959,"href":"https:\/\/eldiariodesanpedro.com.ar\/sitio\/wp-json\/wp\/v2\/posts\/50957\/revisions\/50959"}],"wp:featuredmedia":[{"embeddable":true,"href":"https:\/\/eldiariodesanpedro.com.ar\/sitio\/wp-json\/wp\/v2\/media\/50958"}],"wp:attachment":[{"href":"https:\/\/eldiariodesanpedro.com.ar\/sitio\/wp-json\/wp\/v2\/media?parent=50957"}],"wp:term":[{"taxonomy":"category","embeddable":true,"href":"https:\/\/eldiariodesanpedro.com.ar\/sitio\/wp-json\/wp\/v2\/categories?post=50957"},{"taxonomy":"post_tag","embeddable":true,"href":"https:\/\/eldiariodesanpedro.com.ar\/sitio\/wp-json\/wp\/v2\/tags?post=50957"}],"curies":[{"name":"wp","href":"https:\/\/api.w.org\/{rel}","templated":true}]}}