{"id":50953,"date":"2019-04-24T10:37:54","date_gmt":"2019-04-24T13:37:54","guid":{"rendered":"https:\/\/eldiariodesanpedro.com.ar\/sitio\/?p=50953"},"modified":"2019-04-24T10:38:00","modified_gmt":"2019-04-24T13:38:00","slug":"gobernador-castro-una-mujer-atropellada-por-una-moto","status":"publish","type":"post","link":"https:\/\/eldiariodesanpedro.com.ar\/sitio\/gobernador-castro-una-mujer-atropellada-por-una-moto\/","title":{"rendered":"Gobernador Castro: Una mujer atropellada por una moto"},"content":{"rendered":"<!-- VideographyWP Plugin Message: Automatic video embedding prevented by plugin options. -->\n\n<p>Esta martes en horas de la tarde en la intersecci\u00f3n de calle Mariano Moreno y C\u00f3rdoba, en la vecina localidad de Gobernador Castro, una femenina de 56 a\u00f1os, parada en la v\u00eda p\u00fablica mientras conversaba con otra es embestida por motocicleta 110 cc. <\/p>\n\n\n\n<p>Siendo trasladada al nosocomio local donde recibi\u00f3 la atenci\u00f3n necesaria y se determin\u00f3 que presenta politraumatismos sin riesgo de vida. <\/p>\n\n\n\n<p>Se procede secuestro del rodado y imputar al conductor un joven de 20 a\u00f1os de edad. <\/p>\n\n\n\n<p>Investiga la fiscal\u00eda en turno de San Pedro . <\/p>\n","protected":false},"excerpt":{"rendered":"<p>Esta martes en horas de la tarde en la intersecci\u00f3n de calle Mariano Moreno y C\u00f3rdoba, en la vecina localidad de Gobernador Castro, una femenina de 56 a\u00f1os, parada en la v\u00eda p\u00fablica mientras conversaba con otra es embestida por motocicleta 110 cc. Siendo trasladada al nosocomio local donde recibi\u00f3 la atenci\u00f3n necesaria y se [&hellip;]<\/p>\n","protected":false},"author":4,"featured_media":11797,"comment_status":"open","ping_status":"closed","sticky":false,"template":"","format":"standard","meta":{"om_disable_all_campaigns":false,"_jetpack_memberships_contains_paid_content":false,"footnotes":""},"categories":[2,103],"tags":[],"class_list":["post-50953","post","type-post","status-publish","format-standard","has-post-thumbnail","hentry","category-locales","category-policiales-locales"],"aioseo_notices":[],"gutentor_comment":2,"jetpack_featured_media_url":"https:\/\/eldiariodesanpedro.com.ar\/sitio\/wp-content\/uploads\/2016\/12\/moto-secuestrada.jpg","jetpack_shortlink":"https:\/\/wp.me\/p6RhLt-dfP","jetpack_sharing_enabled":true,"_links":{"self":[{"href":"https:\/\/eldiariodesanpedro.com.ar\/sitio\/wp-json\/wp\/v2\/posts\/50953","targetHints":{"allow":["GET"]}}],"collection":[{"href":"https:\/\/eldiariodesanpedro.com.ar\/sitio\/wp-json\/wp\/v2\/posts"}],"about":[{"href":"https:\/\/eldiariodesanpedro.com.ar\/sitio\/wp-json\/wp\/v2\/types\/post"}],"author":[{"embeddable":true,"href":"https:\/\/eldiariodesanpedro.com.ar\/sitio\/wp-json\/wp\/v2\/users\/4"}],"replies":[{"embeddable":true,"href":"https:\/\/eldiariodesanpedro.com.ar\/sitio\/wp-json\/wp\/v2\/comments?post=50953"}],"version-history":[{"count":1,"href":"https:\/\/eldiariodesanpedro.com.ar\/sitio\/wp-json\/wp\/v2\/posts\/50953\/revisions"}],"predecessor-version":[{"id":50954,"href":"https:\/\/eldiariodesanpedro.com.ar\/sitio\/wp-json\/wp\/v2\/posts\/50953\/revisions\/50954"}],"wp:featuredmedia":[{"embeddable":true,"href":"https:\/\/eldiariodesanpedro.com.ar\/sitio\/wp-json\/wp\/v2\/media\/11797"}],"wp:attachment":[{"href":"https:\/\/eldiariodesanpedro.com.ar\/sitio\/wp-json\/wp\/v2\/media?parent=50953"}],"wp:term":[{"taxonomy":"category","embeddable":true,"href":"https:\/\/eldiariodesanpedro.com.ar\/sitio\/wp-json\/wp\/v2\/categories?post=50953"},{"taxonomy":"post_tag","embeddable":true,"href":"https:\/\/eldiariodesanpedro.com.ar\/sitio\/wp-json\/wp\/v2\/tags?post=50953"}],"curies":[{"name":"wp","href":"https:\/\/api.w.org\/{rel}","templated":true}]}}