{"id":50945,"date":"2019-04-24T10:30:11","date_gmt":"2019-04-24T13:30:11","guid":{"rendered":"https:\/\/eldiariodesanpedro.com.ar\/sitio\/?p=50945"},"modified":"2019-04-24T10:30:19","modified_gmt":"2019-04-24T13:30:19","slug":"robaron-una-motocicleta-110-cc-3","status":"publish","type":"post","link":"https:\/\/eldiariodesanpedro.com.ar\/sitio\/robaron-una-motocicleta-110-cc-3\/","title":{"rendered":"Robaron una motocicleta 110 cc"},"content":{"rendered":"<!-- VideographyWP Plugin Message: Automatic video embedding prevented by plugin options. -->\n\n<p>Este martes en calle quiroga al 500, denunci\u00f3 en la comisar\u00eda local de una femenina de 39 a\u00f1os que lugar indicado siendo las 19:30 horas del d\u00eda de la fecha, delincuente ignorado sustrae rodado motocicleta 110 estacionada en la v\u00eda p\u00fablica, violentando la traba.<\/p>\n","protected":false},"excerpt":{"rendered":"<p>Este martes en calle quiroga al 500, denunci\u00f3 en la comisar\u00eda local de una femenina de 39 a\u00f1os que lugar indicado siendo las 19:30 horas del d\u00eda de la fecha, delincuente ignorado sustrae rodado motocicleta 110 estacionada en la v\u00eda p\u00fablica, violentando la traba.<\/p>\n","protected":false},"author":4,"featured_media":27529,"comment_status":"open","ping_status":"closed","sticky":false,"template":"","format":"standard","meta":{"om_disable_all_campaigns":false,"_jetpack_memberships_contains_paid_content":false,"footnotes":""},"categories":[2,103],"tags":[],"class_list":["post-50945","post","type-post","status-publish","format-standard","has-post-thumbnail","hentry","category-locales","category-policiales-locales"],"aioseo_notices":[],"gutentor_comment":0,"jetpack_featured_media_url":"https:\/\/eldiariodesanpedro.com.ar\/sitio\/wp-content\/uploads\/2018\/01\/robo-moto.jpg","jetpack_shortlink":"https:\/\/wp.me\/p6RhLt-dfH","jetpack_sharing_enabled":true,"_links":{"self":[{"href":"https:\/\/eldiariodesanpedro.com.ar\/sitio\/wp-json\/wp\/v2\/posts\/50945","targetHints":{"allow":["GET"]}}],"collection":[{"href":"https:\/\/eldiariodesanpedro.com.ar\/sitio\/wp-json\/wp\/v2\/posts"}],"about":[{"href":"https:\/\/eldiariodesanpedro.com.ar\/sitio\/wp-json\/wp\/v2\/types\/post"}],"author":[{"embeddable":true,"href":"https:\/\/eldiariodesanpedro.com.ar\/sitio\/wp-json\/wp\/v2\/users\/4"}],"replies":[{"embeddable":true,"href":"https:\/\/eldiariodesanpedro.com.ar\/sitio\/wp-json\/wp\/v2\/comments?post=50945"}],"version-history":[{"count":1,"href":"https:\/\/eldiariodesanpedro.com.ar\/sitio\/wp-json\/wp\/v2\/posts\/50945\/revisions"}],"predecessor-version":[{"id":50950,"href":"https:\/\/eldiariodesanpedro.com.ar\/sitio\/wp-json\/wp\/v2\/posts\/50945\/revisions\/50950"}],"wp:featuredmedia":[{"embeddable":true,"href":"https:\/\/eldiariodesanpedro.com.ar\/sitio\/wp-json\/wp\/v2\/media\/27529"}],"wp:attachment":[{"href":"https:\/\/eldiariodesanpedro.com.ar\/sitio\/wp-json\/wp\/v2\/media?parent=50945"}],"wp:term":[{"taxonomy":"category","embeddable":true,"href":"https:\/\/eldiariodesanpedro.com.ar\/sitio\/wp-json\/wp\/v2\/categories?post=50945"},{"taxonomy":"post_tag","embeddable":true,"href":"https:\/\/eldiariodesanpedro.com.ar\/sitio\/wp-json\/wp\/v2\/tags?post=50945"}],"curies":[{"name":"wp","href":"https:\/\/api.w.org\/{rel}","templated":true}]}}