{"id":50930,"date":"2019-04-23T11:52:27","date_gmt":"2019-04-23T14:52:27","guid":{"rendered":"https:\/\/eldiariodesanpedro.com.ar\/sitio\/?p=50930"},"modified":"2019-04-23T12:05:36","modified_gmt":"2019-04-23T15:05:36","slug":"alsina-una-moto-choco-el-santuario-de-la-virgen","status":"publish","type":"post","link":"https:\/\/eldiariodesanpedro.com.ar\/sitio\/alsina-una-moto-choco-el-santuario-de-la-virgen\/","title":{"rendered":"ALSINA: Una moto choc\u00f3 el santuario de la virgen"},"content":{"rendered":"<!-- VideographyWP Plugin Message: Automatic video embedding prevented by plugin options. -->\n\n<p>Por causas que se tratan de establecer pasadas las 21 hs en de Alsina un joven oriundo de la localidad de 18 a\u00f1os, termin\u00f3 chocando con la virgen en su motocicleta Honda Cg color gris.<\/p>\n\n\n\n<p>Seg\u00fan allegados, el hecho habr\u00eda ocurrido luego de que el joven tuviese una discusi\u00f3n de \u00edndole personal, que lo habr\u00eda llevado a querer chocar intencionalmente con el santuario.<\/p>\n\n\n\n<p>Afortunadamente el joven de 18 a\u00f1os esta fuera de peligro solo con heridad leves.<\/p>\n\n\n\n<p>Fuente: Impacto Baradero<\/p>\n","protected":false},"excerpt":{"rendered":"<p>Por causas que se tratan de establecer pasadas las 21 hs en de Alsina un joven oriundo de la localidad de 18 a\u00f1os, termin\u00f3 chocando con la virgen en su motocicleta Honda Cg color gris. Seg\u00fan allegados, el hecho habr\u00eda ocurrido luego de que el joven tuviese una discusi\u00f3n de \u00edndole personal, que lo habr\u00eda [&hellip;]<\/p>\n","protected":false},"author":4,"featured_media":50931,"comment_status":"open","ping_status":"closed","sticky":false,"template":"","format":"standard","meta":{"om_disable_all_campaigns":false,"_jetpack_memberships_contains_paid_content":false,"footnotes":""},"categories":[621],"tags":[],"class_list":["post-50930","post","type-post","status-publish","format-standard","has-post-thumbnail","hentry","category-regionales"],"aioseo_notices":[],"gutentor_comment":0,"jetpack_featured_media_url":"https:\/\/eldiariodesanpedro.com.ar\/sitio\/wp-content\/uploads\/2019\/04\/whatsapp-image-2019-04-20-at-00.04.29-1_1.jpeg","jetpack_shortlink":"https:\/\/wp.me\/p6RhLt-dfs","jetpack_sharing_enabled":true,"_links":{"self":[{"href":"https:\/\/eldiariodesanpedro.com.ar\/sitio\/wp-json\/wp\/v2\/posts\/50930","targetHints":{"allow":["GET"]}}],"collection":[{"href":"https:\/\/eldiariodesanpedro.com.ar\/sitio\/wp-json\/wp\/v2\/posts"}],"about":[{"href":"https:\/\/eldiariodesanpedro.com.ar\/sitio\/wp-json\/wp\/v2\/types\/post"}],"author":[{"embeddable":true,"href":"https:\/\/eldiariodesanpedro.com.ar\/sitio\/wp-json\/wp\/v2\/users\/4"}],"replies":[{"embeddable":true,"href":"https:\/\/eldiariodesanpedro.com.ar\/sitio\/wp-json\/wp\/v2\/comments?post=50930"}],"version-history":[{"count":2,"href":"https:\/\/eldiariodesanpedro.com.ar\/sitio\/wp-json\/wp\/v2\/posts\/50930\/revisions"}],"predecessor-version":[{"id":50933,"href":"https:\/\/eldiariodesanpedro.com.ar\/sitio\/wp-json\/wp\/v2\/posts\/50930\/revisions\/50933"}],"wp:featuredmedia":[{"embeddable":true,"href":"https:\/\/eldiariodesanpedro.com.ar\/sitio\/wp-json\/wp\/v2\/media\/50931"}],"wp:attachment":[{"href":"https:\/\/eldiariodesanpedro.com.ar\/sitio\/wp-json\/wp\/v2\/media?parent=50930"}],"wp:term":[{"taxonomy":"category","embeddable":true,"href":"https:\/\/eldiariodesanpedro.com.ar\/sitio\/wp-json\/wp\/v2\/categories?post=50930"},{"taxonomy":"post_tag","embeddable":true,"href":"https:\/\/eldiariodesanpedro.com.ar\/sitio\/wp-json\/wp\/v2\/tags?post=50930"}],"curies":[{"name":"wp","href":"https:\/\/api.w.org\/{rel}","templated":true}]}}