{"id":50927,"date":"2019-04-23T11:45:37","date_gmt":"2019-04-23T14:45:37","guid":{"rendered":"https:\/\/eldiariodesanpedro.com.ar\/sitio\/?p=50927"},"modified":"2019-04-23T11:45:46","modified_gmt":"2019-04-23T14:45:46","slug":"baradero-este-jueves-25-la-ong-familias-por-la-vida-estara-en-baradero","status":"publish","type":"post","link":"https:\/\/eldiariodesanpedro.com.ar\/sitio\/baradero-este-jueves-25-la-ong-familias-por-la-vida-estara-en-baradero\/","title":{"rendered":"BARADERO: Este jueves 25 la ONG \u201cFamilias por la Vida\u201d estar\u00e1 en Baradero"},"content":{"rendered":"<!-- VideographyWP Plugin Message: Automatic video embedding prevented by plugin options. -->\n\n<p>Este jueves 25 de abril visitar\u00e1 nuestra ciudad la ONG&nbsp;<strong>\u201cFamilias por la Vida\u201d,&nbsp;<\/strong>por una gesti\u00f3n de la agrupaci\u00f3n pol\u00edtica MAC de Baradero.<\/p>\n\n\n\n<p>A las 09:15 hs los integrantes de la agrupaci\u00f3n&nbsp; har\u00e1n el recibimiento de la delegaci\u00f3n visitante en su&nbsp; sede de Oro 265.<\/p>\n\n\n\n<p>A las 10:30 hs se realizar\u00e1 una charla en la escuela Marcos Sastre y a las 14:00 hs, en la escuela secundaria 5.<\/p>\n\n\n\n<p>El MAC est\u00e1 gestionando tambi\u00e9n que se pueda firmar el convenio con nuestra ciudad para la creaci\u00f3n del 0800 para denuncias sobre irregularidades en la seguridad nocturna!<\/p>\n\n\n\n<p>Fuente: Baradero Hoy<\/p>\n","protected":false},"excerpt":{"rendered":"<p>Este jueves 25 de abril visitar\u00e1 nuestra ciudad la ONG&nbsp;\u201cFamilias por la Vida\u201d,&nbsp;por una gesti\u00f3n de la agrupaci\u00f3n pol\u00edtica MAC de Baradero. A las 09:15 hs los integrantes de la agrupaci\u00f3n&nbsp; har\u00e1n el recibimiento de la delegaci\u00f3n visitante en su&nbsp; sede de Oro 265. A las 10:30 hs se realizar\u00e1 una charla en la escuela [&hellip;]<\/p>\n","protected":false},"author":4,"featured_media":50928,"comment_status":"open","ping_status":"closed","sticky":false,"template":"","format":"standard","meta":{"om_disable_all_campaigns":false,"_jetpack_memberships_contains_paid_content":false,"footnotes":""},"categories":[621],"tags":[],"class_list":["post-50927","post","type-post","status-publish","format-standard","has-post-thumbnail","hentry","category-regionales"],"aioseo_notices":[],"gutentor_comment":0,"jetpack_featured_media_url":"https:\/\/eldiariodesanpedro.com.ar\/sitio\/wp-content\/uploads\/2019\/04\/2-4.jpg","jetpack_shortlink":"https:\/\/wp.me\/p6RhLt-dfp","jetpack_sharing_enabled":true,"_links":{"self":[{"href":"https:\/\/eldiariodesanpedro.com.ar\/sitio\/wp-json\/wp\/v2\/posts\/50927","targetHints":{"allow":["GET"]}}],"collection":[{"href":"https:\/\/eldiariodesanpedro.com.ar\/sitio\/wp-json\/wp\/v2\/posts"}],"about":[{"href":"https:\/\/eldiariodesanpedro.com.ar\/sitio\/wp-json\/wp\/v2\/types\/post"}],"author":[{"embeddable":true,"href":"https:\/\/eldiariodesanpedro.com.ar\/sitio\/wp-json\/wp\/v2\/users\/4"}],"replies":[{"embeddable":true,"href":"https:\/\/eldiariodesanpedro.com.ar\/sitio\/wp-json\/wp\/v2\/comments?post=50927"}],"version-history":[{"count":1,"href":"https:\/\/eldiariodesanpedro.com.ar\/sitio\/wp-json\/wp\/v2\/posts\/50927\/revisions"}],"predecessor-version":[{"id":50929,"href":"https:\/\/eldiariodesanpedro.com.ar\/sitio\/wp-json\/wp\/v2\/posts\/50927\/revisions\/50929"}],"wp:featuredmedia":[{"embeddable":true,"href":"https:\/\/eldiariodesanpedro.com.ar\/sitio\/wp-json\/wp\/v2\/media\/50928"}],"wp:attachment":[{"href":"https:\/\/eldiariodesanpedro.com.ar\/sitio\/wp-json\/wp\/v2\/media?parent=50927"}],"wp:term":[{"taxonomy":"category","embeddable":true,"href":"https:\/\/eldiariodesanpedro.com.ar\/sitio\/wp-json\/wp\/v2\/categories?post=50927"},{"taxonomy":"post_tag","embeddable":true,"href":"https:\/\/eldiariodesanpedro.com.ar\/sitio\/wp-json\/wp\/v2\/tags?post=50927"}],"curies":[{"name":"wp","href":"https:\/\/api.w.org\/{rel}","templated":true}]}}