{"id":50924,"date":"2019-04-23T11:43:37","date_gmt":"2019-04-23T14:43:37","guid":{"rendered":"https:\/\/eldiariodesanpedro.com.ar\/sitio\/?p=50924"},"modified":"2019-04-23T11:43:47","modified_gmt":"2019-04-23T14:43:47","slug":"zarate-el-gobierno-intervino-el-sindicato-de-trabajadores-portuarios","status":"publish","type":"post","link":"https:\/\/eldiariodesanpedro.com.ar\/sitio\/zarate-el-gobierno-intervino-el-sindicato-de-trabajadores-portuarios\/","title":{"rendered":"ZARATE: El Gobierno intervino el sindicato de Trabajadores Portuarios"},"content":{"rendered":"<!-- VideographyWP Plugin Message: Automatic video embedding prevented by plugin options. -->\n\n<p>\u00abPiru\u00bb Rojas ten\u00eda mandato hasta 2021 como secretario general del Sindicato Unidos Portuarios Argentinos Puertos del Bajo Paran\u00e1 y Delta del Paran\u00e1, que re\u00fane a trabajadores de puertos como los de Z\u00e1rate-Campana y Concepci\u00f3n del Uruguay, entre otros. Por una \u00abanomal\u00eda\u00bb no fue reconocido por el Ministerio de Trabajo y tendr\u00e1 que ser reemplazado. <\/p>\n\n\n\n<p>El Gobierno nacional intervino este martes 23 de abril el Sindicato Unidos Portuarios Argentinos Puertos del Bajo Paran\u00e1 y Delta del Paran\u00e1 por \u201cuna situaci\u00f3n de estado de acefal\u00eda\u201d. Se trata del sindicato creado en 2006, cuyo secretario general era H\u00e9ctor \u201cPiru\u201d Rojas.<\/p>\n\n\n\n<p>Las autoridades elegidas en las \u00faltimas elecciones internas no habr\u00edan sido registradas ni reconocidas por el Ministerio de Producci\u00f3n y Trabajo y por eso la cartera conducida por Dante Sica design\u00f3 al ex secretario de Fronteras Luis Green como interventor del gremio A trav\u00e9s de la resoluci\u00f3n 255\/2019, publicada en el Bolet\u00edn Oficial, la Direcci\u00f3n Nacional de Asociaciones Sindicales se\u00f1al\u00f3 que \u201csi bien la entidad sindical ha llevado a cabo desde el a\u00f1o 2013 dos procesos electorales, sus candidatos no han sido registrados por esta autoridad ni reconocidos como autoridades electas de la comisi\u00f3n directiva\u201d del gremio.<\/p>\n\n\n\n<p>\u201cLa entidad sindical no ha dado debido cumplimiento a las intimaciones referentes a recaudos imprescindibles que se les formulara, a los fines de verificar que el proceso electoral se haya llevado a cabo cumpliendo la normativa impuesta tanto por la Ley N\u00b0 23.551, su Decreto Reglamentario N\u00b0 467\/88, y el Estatuto Social de la entidad gremial\u201d, agrega la norma.<\/p>\n\n\n\n<p>La Direcci\u00f3n Nacional de Asociaciones Sindicales \u201csostuvo que no puede d\u00e1rsele eficacia jur\u00eddica a la presentaci\u00f3n efectuada, deviniendo ello en una situaci\u00f3n de estado de acefal\u00eda de la entidad sindical\u201d. Tras esto, defini\u00f3 la intervenci\u00f3n del sindicato portuario.<\/p>\n\n\n\n<p><strong>Fuente:&nbsp;<\/strong>Noticias Z\u00e1rate Alerta<\/p>\n","protected":false},"excerpt":{"rendered":"<p>\u00abPiru\u00bb Rojas ten\u00eda mandato hasta 2021 como secretario general del Sindicato Unidos Portuarios Argentinos Puertos del Bajo Paran\u00e1 y Delta del Paran\u00e1, que re\u00fane a trabajadores de puertos como los de Z\u00e1rate-Campana y Concepci\u00f3n del Uruguay, entre otros. Por una \u00abanomal\u00eda\u00bb no fue reconocido por el Ministerio de Trabajo y tendr\u00e1 que ser reemplazado. El [&hellip;]<\/p>\n","protected":false},"author":4,"featured_media":50925,"comment_status":"open","ping_status":"closed","sticky":false,"template":"","format":"standard","meta":{"om_disable_all_campaigns":false,"_jetpack_memberships_contains_paid_content":false,"footnotes":""},"categories":[621],"tags":[],"class_list":["post-50924","post","type-post","status-publish","format-standard","has-post-thumbnail","hentry","category-regionales"],"aioseo_notices":[],"gutentor_comment":0,"jetpack_featured_media_url":"https:\/\/eldiariodesanpedro.com.ar\/sitio\/wp-content\/uploads\/2019\/04\/supa-1024x589.jpg","jetpack_shortlink":"https:\/\/wp.me\/p6RhLt-dfm","jetpack_sharing_enabled":true,"_links":{"self":[{"href":"https:\/\/eldiariodesanpedro.com.ar\/sitio\/wp-json\/wp\/v2\/posts\/50924","targetHints":{"allow":["GET"]}}],"collection":[{"href":"https:\/\/eldiariodesanpedro.com.ar\/sitio\/wp-json\/wp\/v2\/posts"}],"about":[{"href":"https:\/\/eldiariodesanpedro.com.ar\/sitio\/wp-json\/wp\/v2\/types\/post"}],"author":[{"embeddable":true,"href":"https:\/\/eldiariodesanpedro.com.ar\/sitio\/wp-json\/wp\/v2\/users\/4"}],"replies":[{"embeddable":true,"href":"https:\/\/eldiariodesanpedro.com.ar\/sitio\/wp-json\/wp\/v2\/comments?post=50924"}],"version-history":[{"count":1,"href":"https:\/\/eldiariodesanpedro.com.ar\/sitio\/wp-json\/wp\/v2\/posts\/50924\/revisions"}],"predecessor-version":[{"id":50926,"href":"https:\/\/eldiariodesanpedro.com.ar\/sitio\/wp-json\/wp\/v2\/posts\/50924\/revisions\/50926"}],"wp:featuredmedia":[{"embeddable":true,"href":"https:\/\/eldiariodesanpedro.com.ar\/sitio\/wp-json\/wp\/v2\/media\/50925"}],"wp:attachment":[{"href":"https:\/\/eldiariodesanpedro.com.ar\/sitio\/wp-json\/wp\/v2\/media?parent=50924"}],"wp:term":[{"taxonomy":"category","embeddable":true,"href":"https:\/\/eldiariodesanpedro.com.ar\/sitio\/wp-json\/wp\/v2\/categories?post=50924"},{"taxonomy":"post_tag","embeddable":true,"href":"https:\/\/eldiariodesanpedro.com.ar\/sitio\/wp-json\/wp\/v2\/tags?post=50924"}],"curies":[{"name":"wp","href":"https:\/\/api.w.org\/{rel}","templated":true}]}}