{"id":50906,"date":"2019-04-23T09:17:11","date_gmt":"2019-04-23T12:17:11","guid":{"rendered":"https:\/\/eldiariodesanpedro.com.ar\/sitio\/?p=50906"},"modified":"2019-04-23T09:17:16","modified_gmt":"2019-04-23T12:17:16","slug":"cuatro-aprehendidos-por-poseer-pedido-de-captura-activo","status":"publish","type":"post","link":"https:\/\/eldiariodesanpedro.com.ar\/sitio\/cuatro-aprehendidos-por-poseer-pedido-de-captura-activo\/","title":{"rendered":"Cuatro aprehendidos por poseer pedido de captura activo"},"content":{"rendered":"<!-- VideographyWP Plugin Message: Automatic video embedding prevented by plugin options. -->\n\n<p><br>En el marco de distintos operativos en nuestra ciudad, se procedi\u00f3 a la aprehensi\u00f3n de 4 personas que por distintos  hechos delictivos que poseen pedido de captura activo.<\/p>\n\n\n\n<p>El primero es un hombre de 45 a\u00f1os de edad, que se encontraba en intersecci\u00f3n de las calles Miguel Porta y Saavedra.<\/p>\n\n\n\n<p>El segundo, un joven de 23, que se encontraba en calle Mitre al 800.<\/p>\n\n\n\n<p>El tercero,  sucedi\u00f3 en la localidad vecina de Santa Lucia, otro joven fue aprehendido en calle Moreno y Obaid.<\/p>\n\n\n\n<p>Por ultimo, un hombre de 27, aprehendido en calle Salta y Novillo.<\/p>\n\n\n\n<p>Todos oriundos de nuestra ciudad, que acorde al sistema inform\u00e1tico de la polic\u00eda registran pedido de paradero de captura activo,  en distintas causas judiciales a requerimiento de la Justicia ordinaria y federal. <\/p>\n","protected":false},"excerpt":{"rendered":"<p>En el marco de distintos operativos en nuestra ciudad, se procedi\u00f3 a la aprehensi\u00f3n de 4 personas que por distintos hechos delictivos que poseen pedido de captura activo. El primero es un hombre de 45 a\u00f1os de edad, que se encontraba en intersecci\u00f3n de las calles Miguel Porta y Saavedra. El segundo, un joven de [&hellip;]<\/p>\n","protected":false},"author":4,"featured_media":29146,"comment_status":"open","ping_status":"closed","sticky":false,"template":"","format":"standard","meta":{"om_disable_all_campaigns":false,"_jetpack_memberships_contains_paid_content":false,"footnotes":""},"categories":[2,103],"tags":[],"class_list":["post-50906","post","type-post","status-publish","format-standard","has-post-thumbnail","hentry","category-locales","category-policiales-locales"],"aioseo_notices":[],"gutentor_comment":0,"jetpack_featured_media_url":"https:\/\/eldiariodesanpedro.com.ar\/sitio\/wp-content\/uploads\/2018\/02\/El-sujeto-aprehendido.jpg","jetpack_shortlink":"https:\/\/wp.me\/p6RhLt-df4","jetpack_sharing_enabled":true,"_links":{"self":[{"href":"https:\/\/eldiariodesanpedro.com.ar\/sitio\/wp-json\/wp\/v2\/posts\/50906","targetHints":{"allow":["GET"]}}],"collection":[{"href":"https:\/\/eldiariodesanpedro.com.ar\/sitio\/wp-json\/wp\/v2\/posts"}],"about":[{"href":"https:\/\/eldiariodesanpedro.com.ar\/sitio\/wp-json\/wp\/v2\/types\/post"}],"author":[{"embeddable":true,"href":"https:\/\/eldiariodesanpedro.com.ar\/sitio\/wp-json\/wp\/v2\/users\/4"}],"replies":[{"embeddable":true,"href":"https:\/\/eldiariodesanpedro.com.ar\/sitio\/wp-json\/wp\/v2\/comments?post=50906"}],"version-history":[{"count":1,"href":"https:\/\/eldiariodesanpedro.com.ar\/sitio\/wp-json\/wp\/v2\/posts\/50906\/revisions"}],"predecessor-version":[{"id":50907,"href":"https:\/\/eldiariodesanpedro.com.ar\/sitio\/wp-json\/wp\/v2\/posts\/50906\/revisions\/50907"}],"wp:featuredmedia":[{"embeddable":true,"href":"https:\/\/eldiariodesanpedro.com.ar\/sitio\/wp-json\/wp\/v2\/media\/29146"}],"wp:attachment":[{"href":"https:\/\/eldiariodesanpedro.com.ar\/sitio\/wp-json\/wp\/v2\/media?parent=50906"}],"wp:term":[{"taxonomy":"category","embeddable":true,"href":"https:\/\/eldiariodesanpedro.com.ar\/sitio\/wp-json\/wp\/v2\/categories?post=50906"},{"taxonomy":"post_tag","embeddable":true,"href":"https:\/\/eldiariodesanpedro.com.ar\/sitio\/wp-json\/wp\/v2\/tags?post=50906"}],"curies":[{"name":"wp","href":"https:\/\/api.w.org\/{rel}","templated":true}]}}