{"id":50904,"date":"2019-04-23T09:01:24","date_gmt":"2019-04-23T12:01:24","guid":{"rendered":"https:\/\/eldiariodesanpedro.com.ar\/sitio\/?p=50904"},"modified":"2019-04-23T09:01:35","modified_gmt":"2019-04-23T12:01:35","slug":"golpeo-a-su-pareja-en-la-via-publica-y-fue-aprehendido","status":"publish","type":"post","link":"https:\/\/eldiariodesanpedro.com.ar\/sitio\/golpeo-a-su-pareja-en-la-via-publica-y-fue-aprehendido\/","title":{"rendered":"Golpeo a su pareja en la v\u00eda publica y fue aprehendido"},"content":{"rendered":"<!-- VideographyWP Plugin Message: Automatic video embedding prevented by plugin options. -->\n\n<p>As\u00ed fue como personal policial es alertado y procede a la aprehensi\u00f3n , se trato de un sujeto de 21 a\u00f1os de edad quien golpeo y agredi\u00f3 verbalmente a su pareja de 18.<\/p>\n\n\n\n<p>El hecho se produjo en la v\u00eda publica, en intersecci\u00f3n de las calles Gomendio y Olivera Cesar, tras el r\u00e1pido accionar de los efectivos lograron reducir al agresor y trasladarlo a la Dependencia local.<\/p>\n\n\n\n<p>La victima fue asistida en la Comisaria de la Mujer.<\/p>\n\n\n\n<p><br><\/p>\n","protected":false},"excerpt":{"rendered":"<p>As\u00ed fue como personal policial es alertado y procede a la aprehensi\u00f3n , se trato de un sujeto de 21 a\u00f1os de edad quien golpeo y agredi\u00f3 verbalmente a su pareja de 18. El hecho se produjo en la v\u00eda publica, en intersecci\u00f3n de las calles Gomendio y Olivera Cesar, tras el r\u00e1pido accionar de [&hellip;]<\/p>\n","protected":false},"author":4,"featured_media":10486,"comment_status":"open","ping_status":"closed","sticky":false,"template":"","format":"standard","meta":{"om_disable_all_campaigns":false,"_jetpack_memberships_contains_paid_content":false,"footnotes":""},"categories":[2,103],"tags":[],"class_list":["post-50904","post","type-post","status-publish","format-standard","has-post-thumbnail","hentry","category-locales","category-policiales-locales"],"aioseo_notices":[],"gutentor_comment":0,"jetpack_featured_media_url":"https:\/\/eldiariodesanpedro.com.ar\/sitio\/wp-content\/uploads\/2016\/11\/violencia-de-genero.jpg","jetpack_shortlink":"https:\/\/wp.me\/p6RhLt-df2","jetpack_sharing_enabled":true,"_links":{"self":[{"href":"https:\/\/eldiariodesanpedro.com.ar\/sitio\/wp-json\/wp\/v2\/posts\/50904","targetHints":{"allow":["GET"]}}],"collection":[{"href":"https:\/\/eldiariodesanpedro.com.ar\/sitio\/wp-json\/wp\/v2\/posts"}],"about":[{"href":"https:\/\/eldiariodesanpedro.com.ar\/sitio\/wp-json\/wp\/v2\/types\/post"}],"author":[{"embeddable":true,"href":"https:\/\/eldiariodesanpedro.com.ar\/sitio\/wp-json\/wp\/v2\/users\/4"}],"replies":[{"embeddable":true,"href":"https:\/\/eldiariodesanpedro.com.ar\/sitio\/wp-json\/wp\/v2\/comments?post=50904"}],"version-history":[{"count":1,"href":"https:\/\/eldiariodesanpedro.com.ar\/sitio\/wp-json\/wp\/v2\/posts\/50904\/revisions"}],"predecessor-version":[{"id":50905,"href":"https:\/\/eldiariodesanpedro.com.ar\/sitio\/wp-json\/wp\/v2\/posts\/50904\/revisions\/50905"}],"wp:featuredmedia":[{"embeddable":true,"href":"https:\/\/eldiariodesanpedro.com.ar\/sitio\/wp-json\/wp\/v2\/media\/10486"}],"wp:attachment":[{"href":"https:\/\/eldiariodesanpedro.com.ar\/sitio\/wp-json\/wp\/v2\/media?parent=50904"}],"wp:term":[{"taxonomy":"category","embeddable":true,"href":"https:\/\/eldiariodesanpedro.com.ar\/sitio\/wp-json\/wp\/v2\/categories?post=50904"},{"taxonomy":"post_tag","embeddable":true,"href":"https:\/\/eldiariodesanpedro.com.ar\/sitio\/wp-json\/wp\/v2\/tags?post=50904"}],"curies":[{"name":"wp","href":"https:\/\/api.w.org\/{rel}","templated":true}]}}