{"id":50799,"date":"2019-04-21T17:13:26","date_gmt":"2019-04-21T20:13:26","guid":{"rendered":"https:\/\/eldiariodesanpedro.com.ar\/sitio\/?p=50799"},"modified":"2019-04-21T17:13:40","modified_gmt":"2019-04-21T20:13:40","slug":"una-mujer-golpeada-por-su-pareja","status":"publish","type":"post","link":"https:\/\/eldiariodesanpedro.com.ar\/sitio\/una-mujer-golpeada-por-su-pareja\/","title":{"rendered":"Una mujer golpeada por su pareja"},"content":{"rendered":"<!-- VideographyWP Plugin Message: Automatic video embedding prevented by plugin options. -->\n\n<p>En la localidad de R\u00edo Tala en calle G\u00fcemes al 100 el personal policial del destacamento procede a la aprehensi\u00f3n de masculino 34 a\u00f1os, quien, entre amenazas de muerte,\u00a0 agrede f\u00edsicamente a su pareja, femenina de 30 a\u00f1os con golpes en el rostro. <\/p>\n","protected":false},"excerpt":{"rendered":"<p>En la localidad de R\u00edo Tala en calle G\u00fcemes al 100 el personal policial del destacamento procede a la aprehensi\u00f3n de masculino 34 a\u00f1os, quien, entre amenazas de muerte,\u00a0 agrede f\u00edsicamente a su pareja, femenina de 30 a\u00f1os con golpes en el rostro.<\/p>\n","protected":false},"author":4,"featured_media":47762,"comment_status":"open","ping_status":"closed","sticky":false,"template":"","format":"standard","meta":{"om_disable_all_campaigns":false,"_jetpack_memberships_contains_paid_content":false,"footnotes":""},"categories":[2,103],"tags":[],"class_list":["post-50799","post","type-post","status-publish","format-standard","has-post-thumbnail","hentry","category-locales","category-policiales-locales"],"aioseo_notices":[],"gutentor_comment":0,"jetpack_featured_media_url":"https:\/\/eldiariodesanpedro.com.ar\/sitio\/wp-content\/uploads\/2019\/02\/violencia-1.jpg","jetpack_shortlink":"https:\/\/wp.me\/p6RhLt-ddl","jetpack_sharing_enabled":true,"_links":{"self":[{"href":"https:\/\/eldiariodesanpedro.com.ar\/sitio\/wp-json\/wp\/v2\/posts\/50799","targetHints":{"allow":["GET"]}}],"collection":[{"href":"https:\/\/eldiariodesanpedro.com.ar\/sitio\/wp-json\/wp\/v2\/posts"}],"about":[{"href":"https:\/\/eldiariodesanpedro.com.ar\/sitio\/wp-json\/wp\/v2\/types\/post"}],"author":[{"embeddable":true,"href":"https:\/\/eldiariodesanpedro.com.ar\/sitio\/wp-json\/wp\/v2\/users\/4"}],"replies":[{"embeddable":true,"href":"https:\/\/eldiariodesanpedro.com.ar\/sitio\/wp-json\/wp\/v2\/comments?post=50799"}],"version-history":[{"count":1,"href":"https:\/\/eldiariodesanpedro.com.ar\/sitio\/wp-json\/wp\/v2\/posts\/50799\/revisions"}],"predecessor-version":[{"id":50800,"href":"https:\/\/eldiariodesanpedro.com.ar\/sitio\/wp-json\/wp\/v2\/posts\/50799\/revisions\/50800"}],"wp:featuredmedia":[{"embeddable":true,"href":"https:\/\/eldiariodesanpedro.com.ar\/sitio\/wp-json\/wp\/v2\/media\/47762"}],"wp:attachment":[{"href":"https:\/\/eldiariodesanpedro.com.ar\/sitio\/wp-json\/wp\/v2\/media?parent=50799"}],"wp:term":[{"taxonomy":"category","embeddable":true,"href":"https:\/\/eldiariodesanpedro.com.ar\/sitio\/wp-json\/wp\/v2\/categories?post=50799"},{"taxonomy":"post_tag","embeddable":true,"href":"https:\/\/eldiariodesanpedro.com.ar\/sitio\/wp-json\/wp\/v2\/tags?post=50799"}],"curies":[{"name":"wp","href":"https:\/\/api.w.org\/{rel}","templated":true}]}}