{"id":50433,"date":"2019-04-11T08:53:48","date_gmt":"2019-04-11T11:53:48","guid":{"rendered":"https:\/\/eldiariodesanpedro.com.ar\/sitio\/?p=50433"},"modified":"2019-04-11T09:05:53","modified_gmt":"2019-04-11T12:05:53","slug":"dditdi-y-co-drogas-y-armas-en-barrio-san-roque","status":"publish","type":"post","link":"https:\/\/eldiariodesanpedro.com.ar\/sitio\/dditdi-y-co-drogas-y-armas-en-barrio-san-roque\/","title":{"rendered":"DDITDI y CO: Drogas y armas en barrio San Roque"},"content":{"rendered":"<!-- VideographyWP Plugin Message: Automatic video embedding prevented by plugin options. -->\n\n<p>Tres allanamientos se realizaron luego de una denuncia an\u00f3nima y de una intensa investigaci\u00f3n. Dos sujetos fueron aprehendidos quienes ten\u00edan todo preparado para su venta de estupefacientes al menudeo. Los efectivos fueron apedreados por los vecinos para evitar el procedimiento,  pero no lograron su cometido.<\/p>\n\n\n\n<p>As\u00ed fue como sucedi\u00f3, en la noche del mi\u00e9rcoles,  personal de la Departamental de Investigaciones del Tr\u00e1fico de Drogas Il\u00edcitas y Crimen Organizado, juntamente con personal  de Polic\u00eda Federal Argentina, Sede de San Nicol\u00e1s y el apoyo de la Comisar\u00eda   de San Pedro, dieron Cumplimiento a  tres \u00f3rdenes de allanamiento  en nuestra Localidad. <\/p>\n\n\n\n<p> Como resultado a sorpresa fue  altamente positivo.<\/p>\n\n\n\n<p>La Presente Investigaci\u00f3n, se inici\u00f3 en enero del corriente a\u00f1o por denuncia an\u00f3nima al 911. Dando cuenta que un masculino a quien se lo conoce  con el apodo de  EL JONI, de el Barrio San Roque, comercializar\u00eda material Estupefaciente. <\/p>\n\n\n\n<p>Por tal Motivo el Sr. Agente Fiscal a cargo de la UFI N 5. Dr. MARCELO MANSO, Ordeno certificar el delito denunciado, lo cual se design\u00f3 grupos Operativos certificando  Fehacientemente, mediante seguimientos y tareas encubierto dicho delito, como as\u00ed tambi\u00e9n estableciendo la vinculaci\u00f3n  con  otro masculino  quien se dedicar\u00eda a la venta de Sustancia Prohibida,  siendo conocido en el Barrio como EL TOTO.  <\/p>\n\n\n\n<p>A esta altura el Sr. Agente Fiscal solicito a su Se\u00f1or\u00eda  Juez de Garantia N1 a cargo del Dr. Ricardo Luis Prati,  tres Ordenes de Allanamientos. Efectuando  dicho cumplimiento  en el dia de ayer en horas de la noche. <\/p>\n\n\n\n<p>Procediendo al secuestro de Material Estupefacientes  Marihuana, preparado para su venta, en forma de Menudeo,  plantas ee canavis Sativas, balanzas de precisi\u00f3n, tel\u00e9fonos celulares,  un arma  de fuego casera tipo Tumbera y cartuchos. <\/p>\n\n\n\n<p>Como asi tambien se tubo que repeler por parte de los uniformados  la intensa lluvia de piedras que fueron arrojadas, al intentar rescatar a uno  de los investigado, no logrando su prometido,  se procedio a trasladar   a dos masculinos mayores a sede policial a la espera de ser indagados.<\/p>\n\n\n\n<ul class=\"wp-block-gallery columns-3 is-cropped wp-block-gallery-1 is-layout-flex wp-block-gallery-is-layout-flex\"><li class=\"blocks-gallery-item\"><figure><img decoding=\"async\" width=\"864\" height=\"1152\" data-attachment-id=\"50434\" data-permalink=\"https:\/\/eldiariodesanpedro.com.ar\/sitio\/dditdi-y-co-drogas-y-armas-en-barrio-san-roque\/img-20190411-wa0016\/\" data-orig-file=\"https:\/\/eldiariodesanpedro.com.ar\/sitio\/wp-content\/uploads\/2019\/04\/IMG-20190411-WA0016.jpg\" data-orig-size=\"864,1152\" data-comments-opened=\"1\" data-image-meta=\"{&quot;aperture&quot;:&quot;0&quot;,&quot;credit&quot;:&quot;&quot;,&quot;camera&quot;:&quot;&quot;,&quot;caption&quot;:&quot;&quot;,&quot;created_timestamp&quot;:&quot;0&quot;,&quot;copyright&quot;:&quot;&quot;,&quot;focal_length&quot;:&quot;0&quot;,&quot;iso&quot;:&quot;0&quot;,&quot;shutter_speed&quot;:&quot;0&quot;,&quot;title&quot;:&quot;&quot;,&quot;orientation&quot;:&quot;0&quot;}\" data-image-title=\"IMG-20190411-WA0016\" data-image-description=\"\" data-image-caption=\"\" data-large-file=\"https:\/\/eldiariodesanpedro.com.ar\/sitio\/wp-content\/uploads\/2019\/04\/IMG-20190411-WA0016-768x1024.jpg\" data-src=\"https:\/\/i1.wp.com\/eldiariodesanpedro.com.ar\/sitio\/wp-content\/uploads\/2019\/04\/IMG-20190411-WA0016.jpg?fit=660%2C880\" alt=\"\" data-id=\"50434\" class=\"wp-image-50434 lazyload\" data-srcset=\"https:\/\/eldiariodesanpedro.com.ar\/sitio\/wp-content\/uploads\/2019\/04\/IMG-20190411-WA0016.jpg 864w, https:\/\/eldiariodesanpedro.com.ar\/sitio\/wp-content\/uploads\/2019\/04\/IMG-20190411-WA0016-225x300.jpg 225w, https:\/\/eldiariodesanpedro.com.ar\/sitio\/wp-content\/uploads\/2019\/04\/IMG-20190411-WA0016-768x1024.jpg 768w\" data-sizes=\"(max-width: 864px) 100vw, 864px\" src=\"data:image\/svg+xml;base64,PHN2ZyB3aWR0aD0iMSIgaGVpZ2h0PSIxIiB4bWxucz0iaHR0cDovL3d3dy53My5vcmcvMjAwMC9zdmciPjwvc3ZnPg==\" style=\"--smush-placeholder-width: 864px; --smush-placeholder-aspect-ratio: 864\/1152;\" \/><\/figure><\/li><li class=\"blocks-gallery-item\"><figure><img decoding=\"async\" width=\"774\" height=\"1032\" data-attachment-id=\"50435\" data-permalink=\"https:\/\/eldiariodesanpedro.com.ar\/sitio\/dditdi-y-co-drogas-y-armas-en-barrio-san-roque\/img-20190411-wa0014\/\" data-orig-file=\"https:\/\/eldiariodesanpedro.com.ar\/sitio\/wp-content\/uploads\/2019\/04\/IMG-20190411-WA0014.jpg\" data-orig-size=\"774,1032\" data-comments-opened=\"1\" data-image-meta=\"{&quot;aperture&quot;:&quot;0&quot;,&quot;credit&quot;:&quot;&quot;,&quot;camera&quot;:&quot;&quot;,&quot;caption&quot;:&quot;&quot;,&quot;created_timestamp&quot;:&quot;0&quot;,&quot;copyright&quot;:&quot;&quot;,&quot;focal_length&quot;:&quot;0&quot;,&quot;iso&quot;:&quot;0&quot;,&quot;shutter_speed&quot;:&quot;0&quot;,&quot;title&quot;:&quot;&quot;,&quot;orientation&quot;:&quot;0&quot;}\" data-image-title=\"IMG-20190411-WA0014\" data-image-description=\"\" data-image-caption=\"\" data-large-file=\"https:\/\/eldiariodesanpedro.com.ar\/sitio\/wp-content\/uploads\/2019\/04\/IMG-20190411-WA0014-768x1024.jpg\" data-src=\"https:\/\/i0.wp.com\/eldiariodesanpedro.com.ar\/sitio\/wp-content\/uploads\/2019\/04\/IMG-20190411-WA0014.jpg?fit=660%2C880\" alt=\"\" data-id=\"50435\" data-link=\"https:\/\/eldiariodesanpedro.com.ar\/sitio\/?attachment_id=50435\" class=\"wp-image-50435 lazyload\" data-srcset=\"https:\/\/eldiariodesanpedro.com.ar\/sitio\/wp-content\/uploads\/2019\/04\/IMG-20190411-WA0014.jpg 774w, https:\/\/eldiariodesanpedro.com.ar\/sitio\/wp-content\/uploads\/2019\/04\/IMG-20190411-WA0014-225x300.jpg 225w, https:\/\/eldiariodesanpedro.com.ar\/sitio\/wp-content\/uploads\/2019\/04\/IMG-20190411-WA0014-768x1024.jpg 768w\" data-sizes=\"(max-width: 774px) 100vw, 774px\" src=\"data:image\/svg+xml;base64,PHN2ZyB3aWR0aD0iMSIgaGVpZ2h0PSIxIiB4bWxucz0iaHR0cDovL3d3dy53My5vcmcvMjAwMC9zdmciPjwvc3ZnPg==\" style=\"--smush-placeholder-width: 774px; --smush-placeholder-aspect-ratio: 774\/1032;\" \/><\/figure><\/li><li class=\"blocks-gallery-item\"><figure><img decoding=\"async\" width=\"780\" height=\"1040\" data-attachment-id=\"50436\" data-permalink=\"https:\/\/eldiariodesanpedro.com.ar\/sitio\/dditdi-y-co-drogas-y-armas-en-barrio-san-roque\/img-20190411-wa0015\/\" data-orig-file=\"https:\/\/eldiariodesanpedro.com.ar\/sitio\/wp-content\/uploads\/2019\/04\/IMG-20190411-WA0015.jpg\" data-orig-size=\"780,1040\" data-comments-opened=\"1\" data-image-meta=\"{&quot;aperture&quot;:&quot;0&quot;,&quot;credit&quot;:&quot;&quot;,&quot;camera&quot;:&quot;&quot;,&quot;caption&quot;:&quot;&quot;,&quot;created_timestamp&quot;:&quot;0&quot;,&quot;copyright&quot;:&quot;&quot;,&quot;focal_length&quot;:&quot;0&quot;,&quot;iso&quot;:&quot;0&quot;,&quot;shutter_speed&quot;:&quot;0&quot;,&quot;title&quot;:&quot;&quot;,&quot;orientation&quot;:&quot;0&quot;}\" data-image-title=\"IMG-20190411-WA0015\" data-image-description=\"\" data-image-caption=\"\" data-large-file=\"https:\/\/eldiariodesanpedro.com.ar\/sitio\/wp-content\/uploads\/2019\/04\/IMG-20190411-WA0015-768x1024.jpg\" data-src=\"https:\/\/i1.wp.com\/eldiariodesanpedro.com.ar\/sitio\/wp-content\/uploads\/2019\/04\/IMG-20190411-WA0015.jpg?fit=660%2C880\" alt=\"\" data-id=\"50436\" data-link=\"https:\/\/eldiariodesanpedro.com.ar\/sitio\/?attachment_id=50436\" class=\"wp-image-50436 lazyload\" data-srcset=\"https:\/\/eldiariodesanpedro.com.ar\/sitio\/wp-content\/uploads\/2019\/04\/IMG-20190411-WA0015.jpg 780w, https:\/\/eldiariodesanpedro.com.ar\/sitio\/wp-content\/uploads\/2019\/04\/IMG-20190411-WA0015-225x300.jpg 225w, https:\/\/eldiariodesanpedro.com.ar\/sitio\/wp-content\/uploads\/2019\/04\/IMG-20190411-WA0015-768x1024.jpg 768w\" data-sizes=\"(max-width: 780px) 100vw, 780px\" src=\"data:image\/svg+xml;base64,PHN2ZyB3aWR0aD0iMSIgaGVpZ2h0PSIxIiB4bWxucz0iaHR0cDovL3d3dy53My5vcmcvMjAwMC9zdmciPjwvc3ZnPg==\" style=\"--smush-placeholder-width: 780px; --smush-placeholder-aspect-ratio: 780\/1040;\" \/><\/figure><\/li><\/ul>\n","protected":false},"excerpt":{"rendered":"<p>Tres allanamientos se realizaron luego de una denuncia an\u00f3nima y de una intensa investigaci\u00f3n. Dos sujetos fueron aprehendidos quienes ten\u00edan todo preparado para su venta de estupefacientes al menudeo. Los efectivos fueron apedreados por los vecinos para evitar el procedimiento, pero no lograron su cometido. As\u00ed fue como sucedi\u00f3, en la noche del mi\u00e9rcoles, personal [&hellip;]<\/p>\n","protected":false},"author":4,"featured_media":50435,"comment_status":"open","ping_status":"closed","sticky":false,"template":"","format":"standard","meta":{"om_disable_all_campaigns":false,"_jetpack_memberships_contains_paid_content":false,"footnotes":""},"categories":[50,2,103],"tags":[],"class_list":["post-50433","post","type-post","status-publish","format-standard","has-post-thumbnail","hentry","category-destacadas","category-locales","category-policiales-locales"],"aioseo_notices":[],"gutentor_comment":0,"jetpack_featured_media_url":"https:\/\/eldiariodesanpedro.com.ar\/sitio\/wp-content\/uploads\/2019\/04\/IMG-20190411-WA0014.jpg","jetpack_shortlink":"https:\/\/wp.me\/p6RhLt-d7r","jetpack_sharing_enabled":true,"_links":{"self":[{"href":"https:\/\/eldiariodesanpedro.com.ar\/sitio\/wp-json\/wp\/v2\/posts\/50433","targetHints":{"allow":["GET"]}}],"collection":[{"href":"https:\/\/eldiariodesanpedro.com.ar\/sitio\/wp-json\/wp\/v2\/posts"}],"about":[{"href":"https:\/\/eldiariodesanpedro.com.ar\/sitio\/wp-json\/wp\/v2\/types\/post"}],"author":[{"embeddable":true,"href":"https:\/\/eldiariodesanpedro.com.ar\/sitio\/wp-json\/wp\/v2\/users\/4"}],"replies":[{"embeddable":true,"href":"https:\/\/eldiariodesanpedro.com.ar\/sitio\/wp-json\/wp\/v2\/comments?post=50433"}],"version-history":[{"count":3,"href":"https:\/\/eldiariodesanpedro.com.ar\/sitio\/wp-json\/wp\/v2\/posts\/50433\/revisions"}],"predecessor-version":[{"id":50442,"href":"https:\/\/eldiariodesanpedro.com.ar\/sitio\/wp-json\/wp\/v2\/posts\/50433\/revisions\/50442"}],"wp:featuredmedia":[{"embeddable":true,"href":"https:\/\/eldiariodesanpedro.com.ar\/sitio\/wp-json\/wp\/v2\/media\/50435"}],"wp:attachment":[{"href":"https:\/\/eldiariodesanpedro.com.ar\/sitio\/wp-json\/wp\/v2\/media?parent=50433"}],"wp:term":[{"taxonomy":"category","embeddable":true,"href":"https:\/\/eldiariodesanpedro.com.ar\/sitio\/wp-json\/wp\/v2\/categories?post=50433"},{"taxonomy":"post_tag","embeddable":true,"href":"https:\/\/eldiariodesanpedro.com.ar\/sitio\/wp-json\/wp\/v2\/tags?post=50433"}],"curies":[{"name":"wp","href":"https:\/\/api.w.org\/{rel}","templated":true}]}}