{"id":50389,"date":"2019-04-10T08:53:05","date_gmt":"2019-04-10T11:53:05","guid":{"rendered":"https:\/\/eldiariodesanpedro.com.ar\/sitio\/?p=50389"},"modified":"2019-04-10T08:53:20","modified_gmt":"2019-04-10T11:53:20","slug":"recordatorio-hoy-comienzan-las-reuniones-sectoriales-en-el-centro-de-comercio","status":"publish","type":"post","link":"https:\/\/eldiariodesanpedro.com.ar\/sitio\/recordatorio-hoy-comienzan-las-reuniones-sectoriales-en-el-centro-de-comercio\/","title":{"rendered":"Recordatorio: Hoy comienzan las reuniones sectoriales en el Centro de Comercio"},"content":{"rendered":"<!-- VideographyWP Plugin Message: Automatic video embedding prevented by plugin options. -->\n\n<p><em><strong>Con el objetivo de generar un espacio de intercambio para compartir sus inquietudes\u00a0e\u00a0 impulsar acciones y gestiones en favor de su desarrollo, arranca esta tarde la iniciativa del Centro de Comercio, Industria y Turismo de San Pedro. <\/strong><\/em><\/p>\n\n\n\n<p><em><strong>Hoy son convocados \u00abDespensas, autoservicios, carnicer\u00edas y verduler\u00edas\u00bb a las 14.30 horas. Ma\u00f1ana a las 20 horas, \u00abHoteleros, gastron\u00f3micos y afines del sector tur\u00edstico\u00bb.<\/strong><\/em><\/p>\n\n\n\n<p>\n\nLa invitaci\u00f3n es abierta a socios y no socios de la instituci\u00f3n y la modalidad ser\u00e1 a trav\u00e9s de&nbsp;<a href=\"https:\/\/centrodecomerciosp.us12.list-manage.com\/track\/click?u=bdf5fdfd9f7efe7b81db57a06&amp;id=395b9ffa6b&amp;e=53ca63d099\" target=\"_blank\" rel=\"noreferrer noopener\">pre inscripci\u00f3n,&nbsp;<\/a>para conformar los espacios apropiados para un intercambio acotado a la tem\u00e1tica planteada.&nbsp;&nbsp;<\/p>\n\n\n\n<p>Las sugerencias para la inclusi\u00f3n de rubros o la convocatoria a sectores no detallados en esta iniciativa ser\u00e1n bienvenidas.&nbsp;<\/p>\n\n\n\n<p>Los encuentros ser\u00e1n en el Auditorio H\u00e9ctor Padula y el horario de inicio ser\u00e1 respetado, por lo que agradecemos puntualidad.&nbsp;&nbsp;\n\n<\/p>\n\n\n\n<p><\/p>\n","protected":false},"excerpt":{"rendered":"<p>Con el objetivo de generar un espacio de intercambio para compartir sus inquietudes\u00a0e\u00a0 impulsar acciones y gestiones en favor de su desarrollo, arranca esta tarde la iniciativa del Centro de Comercio, Industria y Turismo de San Pedro. Hoy son convocados \u00abDespensas, autoservicios, carnicer\u00edas y verduler\u00edas\u00bb a las 14.30 horas. Ma\u00f1ana a las 20 horas, \u00abHoteleros, [&hellip;]<\/p>\n","protected":false},"author":4,"featured_media":50390,"comment_status":"open","ping_status":"closed","sticky":false,"template":"","format":"standard","meta":{"om_disable_all_campaigns":false,"_jetpack_memberships_contains_paid_content":false,"footnotes":""},"categories":[101,2],"tags":[],"class_list":["post-50389","post","type-post","status-publish","format-standard","has-post-thumbnail","hentry","category-interes-general-locales","category-locales"],"aioseo_notices":[],"gutentor_comment":0,"jetpack_featured_media_url":"https:\/\/eldiariodesanpedro.com.ar\/sitio\/wp-content\/uploads\/2019\/04\/unnamed-5.png","jetpack_shortlink":"https:\/\/wp.me\/p6RhLt-d6J","jetpack_sharing_enabled":true,"_links":{"self":[{"href":"https:\/\/eldiariodesanpedro.com.ar\/sitio\/wp-json\/wp\/v2\/posts\/50389","targetHints":{"allow":["GET"]}}],"collection":[{"href":"https:\/\/eldiariodesanpedro.com.ar\/sitio\/wp-json\/wp\/v2\/posts"}],"about":[{"href":"https:\/\/eldiariodesanpedro.com.ar\/sitio\/wp-json\/wp\/v2\/types\/post"}],"author":[{"embeddable":true,"href":"https:\/\/eldiariodesanpedro.com.ar\/sitio\/wp-json\/wp\/v2\/users\/4"}],"replies":[{"embeddable":true,"href":"https:\/\/eldiariodesanpedro.com.ar\/sitio\/wp-json\/wp\/v2\/comments?post=50389"}],"version-history":[{"count":1,"href":"https:\/\/eldiariodesanpedro.com.ar\/sitio\/wp-json\/wp\/v2\/posts\/50389\/revisions"}],"predecessor-version":[{"id":50391,"href":"https:\/\/eldiariodesanpedro.com.ar\/sitio\/wp-json\/wp\/v2\/posts\/50389\/revisions\/50391"}],"wp:featuredmedia":[{"embeddable":true,"href":"https:\/\/eldiariodesanpedro.com.ar\/sitio\/wp-json\/wp\/v2\/media\/50390"}],"wp:attachment":[{"href":"https:\/\/eldiariodesanpedro.com.ar\/sitio\/wp-json\/wp\/v2\/media?parent=50389"}],"wp:term":[{"taxonomy":"category","embeddable":true,"href":"https:\/\/eldiariodesanpedro.com.ar\/sitio\/wp-json\/wp\/v2\/categories?post=50389"},{"taxonomy":"post_tag","embeddable":true,"href":"https:\/\/eldiariodesanpedro.com.ar\/sitio\/wp-json\/wp\/v2\/tags?post=50389"}],"curies":[{"name":"wp","href":"https:\/\/api.w.org\/{rel}","templated":true}]}}