{"id":50371,"date":"2019-04-09T16:50:14","date_gmt":"2019-04-09T19:50:14","guid":{"rendered":"https:\/\/eldiariodesanpedro.com.ar\/sitio\/?p=50371"},"modified":"2019-04-09T16:50:29","modified_gmt":"2019-04-09T19:50:29","slug":"primera-entrega-de-distinciones-2019-por-parte-del-circulo-de-periodistas-deportivos-de-san-pedro","status":"publish","type":"post","link":"https:\/\/eldiariodesanpedro.com.ar\/sitio\/primera-entrega-de-distinciones-2019-por-parte-del-circulo-de-periodistas-deportivos-de-san-pedro\/","title":{"rendered":"Primera entrega de Distinciones 2019 por parte del Circulo de Periodistas Deportivos de San Pedro"},"content":{"rendered":"<!-- VideographyWP Plugin Message: Automatic video embedding prevented by plugin options. -->\n\n<p>Pr\u00f3ximo viernes 12 de Abril, el Circulo de Periodistas Deportivos de San Pedro, inicia las entregas de distinciones a deportistas destacados, temporada 2019, ser\u00e1 en el sal\u00f3n de sesiones \u201cPedro Barri\u201d de la Liga Deportiva Sampedrina a las 21 hs.<\/p>\n\n\n\n<p>Los convocados a recibir mencionado reconocimiento, son:<br><strong>Automovilismo:<\/strong>\u00a0Fernando \u201cMorro\u201d Iglesias.-<br><strong>Basquet:<\/strong>\u00a0Ian Janulevicius.-<br><strong>Ciclismo:<\/strong>\u00a0Mariano Manzo \u2013 Sebasti\u00e1n Lorido.-<br><strong>F\u00fatbol:<\/strong>\u00a0Club Sportivo Las Palmeras<br><strong>Nataci\u00f3n:<\/strong>\u00a0Maximiliano Rosell\u00f3 \u2013 Candela Raviola \u2013 Pedro Adrover \u2013 Fernando Bennazar.-<br><strong>Cuatriciclos:<\/strong>\u00a0Tania Vel\u00e1zquez.-<br><strong>Triatlon:<\/strong>\u00a0Leonardo Gallina.-<br><strong>Yachting:<\/strong>\u00a0Mart\u00edn Alzogaray.-<br><strong>Atenci\u00f3n:<\/strong>\u00a0La \u00fanica invitaci\u00f3n a los deportistas mencionados, es a trav\u00e9s de la difusi\u00f3n de los medios de comunicaci\u00f3n.<\/p>\n","protected":false},"excerpt":{"rendered":"<p>Pr\u00f3ximo viernes 12 de Abril, el Circulo de Periodistas Deportivos de San Pedro, inicia las entregas de distinciones a deportistas destacados, temporada 2019, ser\u00e1 en el sal\u00f3n de sesiones \u201cPedro Barri\u201d de la Liga Deportiva Sampedrina a las 21 hs. Los convocados a recibir mencionado reconocimiento, son:Automovilismo:\u00a0Fernando \u201cMorro\u201d Iglesias.-Basquet:\u00a0Ian Janulevicius.-Ciclismo:\u00a0Mariano Manzo \u2013 Sebasti\u00e1n Lorido.-F\u00fatbol:\u00a0Club Sportivo [&hellip;]<\/p>\n","protected":false},"author":4,"featured_media":50372,"comment_status":"open","ping_status":"closed","sticky":false,"template":"","format":"standard","meta":{"om_disable_all_campaigns":false,"_jetpack_memberships_contains_paid_content":false,"footnotes":""},"categories":[621],"tags":[],"class_list":["post-50371","post","type-post","status-publish","format-standard","has-post-thumbnail","hentry","category-regionales"],"aioseo_notices":[],"gutentor_comment":0,"jetpack_featured_media_url":"https:\/\/eldiariodesanpedro.com.ar\/sitio\/wp-content\/uploads\/2019\/04\/cpdsp.jpg","jetpack_shortlink":"https:\/\/wp.me\/p6RhLt-d6r","jetpack_sharing_enabled":true,"_links":{"self":[{"href":"https:\/\/eldiariodesanpedro.com.ar\/sitio\/wp-json\/wp\/v2\/posts\/50371","targetHints":{"allow":["GET"]}}],"collection":[{"href":"https:\/\/eldiariodesanpedro.com.ar\/sitio\/wp-json\/wp\/v2\/posts"}],"about":[{"href":"https:\/\/eldiariodesanpedro.com.ar\/sitio\/wp-json\/wp\/v2\/types\/post"}],"author":[{"embeddable":true,"href":"https:\/\/eldiariodesanpedro.com.ar\/sitio\/wp-json\/wp\/v2\/users\/4"}],"replies":[{"embeddable":true,"href":"https:\/\/eldiariodesanpedro.com.ar\/sitio\/wp-json\/wp\/v2\/comments?post=50371"}],"version-history":[{"count":1,"href":"https:\/\/eldiariodesanpedro.com.ar\/sitio\/wp-json\/wp\/v2\/posts\/50371\/revisions"}],"predecessor-version":[{"id":50373,"href":"https:\/\/eldiariodesanpedro.com.ar\/sitio\/wp-json\/wp\/v2\/posts\/50371\/revisions\/50373"}],"wp:featuredmedia":[{"embeddable":true,"href":"https:\/\/eldiariodesanpedro.com.ar\/sitio\/wp-json\/wp\/v2\/media\/50372"}],"wp:attachment":[{"href":"https:\/\/eldiariodesanpedro.com.ar\/sitio\/wp-json\/wp\/v2\/media?parent=50371"}],"wp:term":[{"taxonomy":"category","embeddable":true,"href":"https:\/\/eldiariodesanpedro.com.ar\/sitio\/wp-json\/wp\/v2\/categories?post=50371"},{"taxonomy":"post_tag","embeddable":true,"href":"https:\/\/eldiariodesanpedro.com.ar\/sitio\/wp-json\/wp\/v2\/tags?post=50371"}],"curies":[{"name":"wp","href":"https:\/\/api.w.org\/{rel}","templated":true}]}}