{"id":50368,"date":"2019-04-09T16:44:46","date_gmt":"2019-04-09T19:44:46","guid":{"rendered":"https:\/\/eldiariodesanpedro.com.ar\/sitio\/?p=50368"},"modified":"2019-04-09T16:44:59","modified_gmt":"2019-04-09T19:44:59","slug":"taller-de-practicas-sustentables-para-alojamientos-turisticos","status":"publish","type":"post","link":"https:\/\/eldiariodesanpedro.com.ar\/sitio\/taller-de-practicas-sustentables-para-alojamientos-turisticos\/","title":{"rendered":"Taller de Pr\u00e1cticas Sustentables para Alojamientos Tur\u00edsticos"},"content":{"rendered":"<!-- VideographyWP Plugin Message: Automatic video embedding prevented by plugin options. -->\n\n<p> El Organismo Provincial para el Desarrollo Sostenible, la Subsecretaria de Turismo del Ministerio de Producci\u00f3n y la Municipalidad de San Pedro los invitan a participar del Taller de Pr\u00e1cticas Sustentables para Alojamientos Tur\u00edsticos, en el marco del Programa Alojamientos Tur\u00edsticos Sustentables.<br><\/p>\n\n\n\n<p>Dicho taller se realiz\u00f3 en 2018 en nuestra ciudad y este a\u00f1o tendr\u00e1 lugar en Baradero. La idea es trabajar en forma conjunta con los municipios de Baradero y Ramallo para el desarrollo y el turismo sostenible en la zona, y as\u00ed poder promocionar distintos\u00a0 lugares de la Provincia de Buenos Aires.<br><br>Dicha jornada se va a realizar el d\u00eda mi\u00e9rcoles 10 de abril, a las 10 hs en el Honorable Concejo Deliberante de Baradero ubicado en Rodr\u00edguez 477.<\/p>\n\n\n\n<p>La asistencia al taller es obligatoria para el ingreso al Programa de Distinci\u00f3n. Informes e inscripci\u00f3n en la Oficina de Turismo de Baradero (03329-15578477). <\/p>\n","protected":false},"excerpt":{"rendered":"<p>El Organismo Provincial para el Desarrollo Sostenible, la Subsecretaria de Turismo del Ministerio de Producci\u00f3n y la Municipalidad de San Pedro los invitan a participar del Taller de Pr\u00e1cticas Sustentables para Alojamientos Tur\u00edsticos, en el marco del Programa Alojamientos Tur\u00edsticos Sustentables. Dicho taller se realiz\u00f3 en 2018 en nuestra ciudad y este a\u00f1o tendr\u00e1 lugar [&hellip;]<\/p>\n","protected":false},"author":4,"featured_media":50369,"comment_status":"open","ping_status":"closed","sticky":false,"template":"","format":"standard","meta":{"om_disable_all_campaigns":false,"_jetpack_memberships_contains_paid_content":false,"footnotes":""},"categories":[101,2,621],"tags":[],"class_list":["post-50368","post","type-post","status-publish","format-standard","has-post-thumbnail","hentry","category-interes-general-locales","category-locales","category-regionales"],"aioseo_notices":[],"gutentor_comment":0,"jetpack_featured_media_url":"https:\/\/eldiariodesanpedro.com.ar\/sitio\/wp-content\/uploads\/2019\/04\/Taller-de-turismo.png","jetpack_shortlink":"https:\/\/wp.me\/p6RhLt-d6o","jetpack_sharing_enabled":true,"_links":{"self":[{"href":"https:\/\/eldiariodesanpedro.com.ar\/sitio\/wp-json\/wp\/v2\/posts\/50368","targetHints":{"allow":["GET"]}}],"collection":[{"href":"https:\/\/eldiariodesanpedro.com.ar\/sitio\/wp-json\/wp\/v2\/posts"}],"about":[{"href":"https:\/\/eldiariodesanpedro.com.ar\/sitio\/wp-json\/wp\/v2\/types\/post"}],"author":[{"embeddable":true,"href":"https:\/\/eldiariodesanpedro.com.ar\/sitio\/wp-json\/wp\/v2\/users\/4"}],"replies":[{"embeddable":true,"href":"https:\/\/eldiariodesanpedro.com.ar\/sitio\/wp-json\/wp\/v2\/comments?post=50368"}],"version-history":[{"count":1,"href":"https:\/\/eldiariodesanpedro.com.ar\/sitio\/wp-json\/wp\/v2\/posts\/50368\/revisions"}],"predecessor-version":[{"id":50370,"href":"https:\/\/eldiariodesanpedro.com.ar\/sitio\/wp-json\/wp\/v2\/posts\/50368\/revisions\/50370"}],"wp:featuredmedia":[{"embeddable":true,"href":"https:\/\/eldiariodesanpedro.com.ar\/sitio\/wp-json\/wp\/v2\/media\/50369"}],"wp:attachment":[{"href":"https:\/\/eldiariodesanpedro.com.ar\/sitio\/wp-json\/wp\/v2\/media?parent=50368"}],"wp:term":[{"taxonomy":"category","embeddable":true,"href":"https:\/\/eldiariodesanpedro.com.ar\/sitio\/wp-json\/wp\/v2\/categories?post=50368"},{"taxonomy":"post_tag","embeddable":true,"href":"https:\/\/eldiariodesanpedro.com.ar\/sitio\/wp-json\/wp\/v2\/tags?post=50368"}],"curies":[{"name":"wp","href":"https:\/\/api.w.org\/{rel}","templated":true}]}}