{"id":50362,"date":"2019-04-09T11:58:45","date_gmt":"2019-04-09T14:58:45","guid":{"rendered":"https:\/\/eldiariodesanpedro.com.ar\/sitio\/?p=50362"},"modified":"2019-04-09T11:58:53","modified_gmt":"2019-04-09T14:58:53","slug":"encontraron-una-mujer-y-a-su-hija-en-santa-lucia-que-eran-buscadas-en-chascomus","status":"publish","type":"post","link":"https:\/\/eldiariodesanpedro.com.ar\/sitio\/encontraron-una-mujer-y-a-su-hija-en-santa-lucia-que-eran-buscadas-en-chascomus\/","title":{"rendered":"Encontraron una mujer y a su hija en Santa Lucia que eran buscadas en Chascomus"},"content":{"rendered":"<!-- VideographyWP Plugin Message: Automatic video embedding prevented by plugin options. -->\n\n<p>El hecho sucedi\u00f3 este lunes cuando la polic\u00eda de Chascomus pide la colaboraci\u00f3n a la dependencia local.<\/p>\n\n\n\n<p>Se trataba de una mujer de 49 a\u00f1os de edad que se encontraba junto a su hija de 11 en la localidad vecina de Santa Lucia.<\/p>\n\n\n\n<p>Ambas fueron r\u00e1pidamente trasladadas a la comisaria ni bien se supo de su paradero.  Registraban pedido de paradero activo a requerimiento de la Fiscalia N\u00ba9 de la ciudad de Dolores. <br><\/p>\n","protected":false},"excerpt":{"rendered":"<p>El hecho sucedi\u00f3 este lunes cuando la polic\u00eda de Chascomus pide la colaboraci\u00f3n a la dependencia local. Se trataba de una mujer de 49 a\u00f1os de edad que se encontraba junto a su hija de 11 en la localidad vecina de Santa Lucia. Ambas fueron r\u00e1pidamente trasladadas a la comisaria ni bien se supo de [&hellip;]<\/p>\n","protected":false},"author":4,"featured_media":23845,"comment_status":"open","ping_status":"closed","sticky":false,"template":"","format":"standard","meta":{"om_disable_all_campaigns":false,"_jetpack_memberships_contains_paid_content":false,"footnotes":""},"categories":[2,103],"tags":[],"class_list":["post-50362","post","type-post","status-publish","format-standard","has-post-thumbnail","hentry","category-locales","category-policiales-locales"],"aioseo_notices":[],"gutentor_comment":0,"jetpack_featured_media_url":"https:\/\/eldiariodesanpedro.com.ar\/sitio\/wp-content\/uploads\/2017\/09\/santa-lucia.jpg","jetpack_shortlink":"https:\/\/wp.me\/p6RhLt-d6i","jetpack_sharing_enabled":true,"_links":{"self":[{"href":"https:\/\/eldiariodesanpedro.com.ar\/sitio\/wp-json\/wp\/v2\/posts\/50362","targetHints":{"allow":["GET"]}}],"collection":[{"href":"https:\/\/eldiariodesanpedro.com.ar\/sitio\/wp-json\/wp\/v2\/posts"}],"about":[{"href":"https:\/\/eldiariodesanpedro.com.ar\/sitio\/wp-json\/wp\/v2\/types\/post"}],"author":[{"embeddable":true,"href":"https:\/\/eldiariodesanpedro.com.ar\/sitio\/wp-json\/wp\/v2\/users\/4"}],"replies":[{"embeddable":true,"href":"https:\/\/eldiariodesanpedro.com.ar\/sitio\/wp-json\/wp\/v2\/comments?post=50362"}],"version-history":[{"count":1,"href":"https:\/\/eldiariodesanpedro.com.ar\/sitio\/wp-json\/wp\/v2\/posts\/50362\/revisions"}],"predecessor-version":[{"id":50365,"href":"https:\/\/eldiariodesanpedro.com.ar\/sitio\/wp-json\/wp\/v2\/posts\/50362\/revisions\/50365"}],"wp:featuredmedia":[{"embeddable":true,"href":"https:\/\/eldiariodesanpedro.com.ar\/sitio\/wp-json\/wp\/v2\/media\/23845"}],"wp:attachment":[{"href":"https:\/\/eldiariodesanpedro.com.ar\/sitio\/wp-json\/wp\/v2\/media?parent=50362"}],"wp:term":[{"taxonomy":"category","embeddable":true,"href":"https:\/\/eldiariodesanpedro.com.ar\/sitio\/wp-json\/wp\/v2\/categories?post=50362"},{"taxonomy":"post_tag","embeddable":true,"href":"https:\/\/eldiariodesanpedro.com.ar\/sitio\/wp-json\/wp\/v2\/tags?post=50362"}],"curies":[{"name":"wp","href":"https:\/\/api.w.org\/{rel}","templated":true}]}}