{"id":50354,"date":"2019-04-09T11:32:18","date_gmt":"2019-04-09T14:32:18","guid":{"rendered":"https:\/\/eldiariodesanpedro.com.ar\/sitio\/?p=50354"},"modified":"2019-04-09T11:32:24","modified_gmt":"2019-04-09T14:32:24","slug":"tres-denuncias-por-amenazas-de-muerte-una-con-golpes-de-puno","status":"publish","type":"post","link":"https:\/\/eldiariodesanpedro.com.ar\/sitio\/tres-denuncias-por-amenazas-de-muerte-una-con-golpes-de-puno\/","title":{"rendered":"Tres denuncias por amenazas de muerte, una con golpes de pu\u00f1o"},"content":{"rendered":"<!-- VideographyWP Plugin Message: Automatic video embedding prevented by plugin options. -->\n\n<p>Amenazas verbal y por tel\u00e9fono fueron las primeras dos radicas en la dependencia local, la tercera fue a un hombre de 28 a\u00f1os de edad, con golpes de pu\u00f1o y patadas.<\/p>\n\n\n\n<p>As\u00ed fue como el personal policial de la localidad de Gobernador Castro, se traslado hacia intersecci\u00f3n de las calles San Mart\u00edn y Raffo, el hombre se encontraba lastimado, hab\u00eda sido amenazado por tres sujetos y golpeado por los mismo.<\/p>\n\n\n\n<p>La victima que reconoce a los agresores, radica la denuncia y se inicia una investigaci\u00f3n.<\/p>\n\n\n\n<p>Tambi\u00e9n una persona mayor fue amenazado por su empleado a trav\u00e9s de whatsapp por diferencia de pago de haberes quien se lo exige.<\/p>\n\n\n\n<p>Por ultimo una mujer de 33 es amenazada verbalmente  en las afueras de su casa sita en Saavedra al 1400 por un sujeto a quien reconoce.<\/p>\n\n\n\n<p>Todos los casos son intervenidos por la Fiscalia N\u00ba5 del Dr Manso. <br><\/p>\n\n\n\n<p><br><\/p>\n","protected":false},"excerpt":{"rendered":"<p>Amenazas verbal y por tel\u00e9fono fueron las primeras dos radicas en la dependencia local, la tercera fue a un hombre de 28 a\u00f1os de edad, con golpes de pu\u00f1o y patadas. As\u00ed fue como el personal policial de la localidad de Gobernador Castro, se traslado hacia intersecci\u00f3n de las calles San Mart\u00edn y Raffo, el [&hellip;]<\/p>\n","protected":false},"author":4,"featured_media":45949,"comment_status":"open","ping_status":"closed","sticky":false,"template":"","format":"standard","meta":{"om_disable_all_campaigns":false,"_jetpack_memberships_contains_paid_content":false,"footnotes":""},"categories":[2,103],"tags":[],"class_list":["post-50354","post","type-post","status-publish","format-standard","has-post-thumbnail","hentry","category-locales","category-policiales-locales"],"aioseo_notices":[],"gutentor_comment":0,"jetpack_featured_media_url":"https:\/\/eldiariodesanpedro.com.ar\/sitio\/wp-content\/uploads\/2019\/01\/nuevos-patrulleros-policia-02_6.jpg","jetpack_shortlink":"https:\/\/wp.me\/p6RhLt-d6a","jetpack_sharing_enabled":true,"_links":{"self":[{"href":"https:\/\/eldiariodesanpedro.com.ar\/sitio\/wp-json\/wp\/v2\/posts\/50354","targetHints":{"allow":["GET"]}}],"collection":[{"href":"https:\/\/eldiariodesanpedro.com.ar\/sitio\/wp-json\/wp\/v2\/posts"}],"about":[{"href":"https:\/\/eldiariodesanpedro.com.ar\/sitio\/wp-json\/wp\/v2\/types\/post"}],"author":[{"embeddable":true,"href":"https:\/\/eldiariodesanpedro.com.ar\/sitio\/wp-json\/wp\/v2\/users\/4"}],"replies":[{"embeddable":true,"href":"https:\/\/eldiariodesanpedro.com.ar\/sitio\/wp-json\/wp\/v2\/comments?post=50354"}],"version-history":[{"count":1,"href":"https:\/\/eldiariodesanpedro.com.ar\/sitio\/wp-json\/wp\/v2\/posts\/50354\/revisions"}],"predecessor-version":[{"id":50355,"href":"https:\/\/eldiariodesanpedro.com.ar\/sitio\/wp-json\/wp\/v2\/posts\/50354\/revisions\/50355"}],"wp:featuredmedia":[{"embeddable":true,"href":"https:\/\/eldiariodesanpedro.com.ar\/sitio\/wp-json\/wp\/v2\/media\/45949"}],"wp:attachment":[{"href":"https:\/\/eldiariodesanpedro.com.ar\/sitio\/wp-json\/wp\/v2\/media?parent=50354"}],"wp:term":[{"taxonomy":"category","embeddable":true,"href":"https:\/\/eldiariodesanpedro.com.ar\/sitio\/wp-json\/wp\/v2\/categories?post=50354"},{"taxonomy":"post_tag","embeddable":true,"href":"https:\/\/eldiariodesanpedro.com.ar\/sitio\/wp-json\/wp\/v2\/tags?post=50354"}],"curies":[{"name":"wp","href":"https:\/\/api.w.org\/{rel}","templated":true}]}}