{"id":50353,"date":"2019-04-09T11:51:02","date_gmt":"2019-04-09T14:51:02","guid":{"rendered":"https:\/\/eldiariodesanpedro.com.ar\/sitio\/?p=50353"},"modified":"2019-04-09T11:51:12","modified_gmt":"2019-04-09T14:51:12","slug":"baradero-fue-confirmado-que-axel-barreto-no-murio-por-hantavirus","status":"publish","type":"post","link":"https:\/\/eldiariodesanpedro.com.ar\/sitio\/baradero-fue-confirmado-que-axel-barreto-no-murio-por-hantavirus\/","title":{"rendered":"BARADERO: Fue confirmado que Axel Barreto no muri\u00f3 por Hantavirus"},"content":{"rendered":"<!-- VideographyWP Plugin Message: Automatic video embedding prevented by plugin options. -->\n\n<p>En la tarde del lunes la mam\u00e1 de Axel Barreto, quien falleci\u00f3 la semana pasada en el hospital, se encaden\u00f3 en la entrada a la guardia del nosocomio.<\/p>\n\n\n\n<p>Acompa\u00f1ada por familiares y amigos, tom\u00f3 esta medida hasta que las autoridades le entregaran la historia cl\u00ednica.<\/p>\n\n\n\n<p>Con el correr de las horas se hizo presente el Dr. Davio, director medico del hospital y se reuni\u00f3 con la abogada y un familiar cercano de Axel.<\/p>\n\n\n\n<p>Al finalizar la reuni\u00f3n, la Dra. Marcia Simour confirm\u00f3 que los resultados de an\u00e1lisis de Hantavirus y Leptospirosis fueron negativos, que falta lleguen los resultados de Dengue y Fiebre Hemorragica y que recibieron una copia de la historia cl\u00ednica con la promesa de recibir ma\u00f1ana la historia cl\u00ednica foliada.<\/p>\n\n\n\n<p>De parte de la direcci\u00f3n medica del hospital aseguraron haber tomado las medidas correctas para con el paciente y de parte de la familia se planteo la falta de comunicaci\u00f3n con ellos como as\u00ed tambi\u00e9n la forma en la que fueron tratados.<\/p>\n\n\n\n<p>Fuente: Baradero Te Informa<\/p>\n\n\n\n<figure class=\"wp-block-image is-resized\"><img decoding=\"async\" data-attachment-id=\"50359\" data-permalink=\"https:\/\/eldiariodesanpedro.com.ar\/sitio\/baradero-fue-confirmado-que-axel-barreto-no-murio-por-hantavirus\/56716164_438121743423801_418735719104643072_n\/\" data-orig-file=\"https:\/\/eldiariodesanpedro.com.ar\/sitio\/wp-content\/uploads\/2019\/04\/56716164_438121743423801_418735719104643072_n.jpg\" data-orig-size=\"390,293\" data-comments-opened=\"1\" data-image-meta=\"{&quot;aperture&quot;:&quot;0&quot;,&quot;credit&quot;:&quot;&quot;,&quot;camera&quot;:&quot;&quot;,&quot;caption&quot;:&quot;&quot;,&quot;created_timestamp&quot;:&quot;0&quot;,&quot;copyright&quot;:&quot;&quot;,&quot;focal_length&quot;:&quot;0&quot;,&quot;iso&quot;:&quot;0&quot;,&quot;shutter_speed&quot;:&quot;0&quot;,&quot;title&quot;:&quot;&quot;,&quot;orientation&quot;:&quot;0&quot;}\" data-image-title=\"56716164_438121743423801_418735719104643072_n\" data-image-description=\"\" data-image-caption=\"\" data-large-file=\"https:\/\/eldiariodesanpedro.com.ar\/sitio\/wp-content\/uploads\/2019\/04\/56716164_438121743423801_418735719104643072_n.jpg\" data-src=\"https:\/\/eldiariodesanpedro.com.ar\/sitio\/wp-content\/uploads\/2019\/04\/56716164_438121743423801_418735719104643072_n.jpg\" alt=\"\" class=\"wp-image-50359 lazyload\" width=\"590\" height=\"443\" data-srcset=\"https:\/\/eldiariodesanpedro.com.ar\/sitio\/wp-content\/uploads\/2019\/04\/56716164_438121743423801_418735719104643072_n.jpg 390w, https:\/\/eldiariodesanpedro.com.ar\/sitio\/wp-content\/uploads\/2019\/04\/56716164_438121743423801_418735719104643072_n-300x225.jpg 300w\" data-sizes=\"(max-width: 590px) 100vw, 590px\" src=\"data:image\/svg+xml;base64,PHN2ZyB3aWR0aD0iMSIgaGVpZ2h0PSIxIiB4bWxucz0iaHR0cDovL3d3dy53My5vcmcvMjAwMC9zdmciPjwvc3ZnPg==\" style=\"--smush-placeholder-width: 590px; --smush-placeholder-aspect-ratio: 590\/443;\" \/><\/figure>\n\n\n\n<figure class=\"wp-block-image is-resized\"><img decoding=\"async\" data-attachment-id=\"50358\" data-permalink=\"https:\/\/eldiariodesanpedro.com.ar\/sitio\/baradero-fue-confirmado-que-axel-barreto-no-murio-por-hantavirus\/56604981_2298823037073220_5020278485067759616_n\/\" data-orig-file=\"https:\/\/eldiariodesanpedro.com.ar\/sitio\/wp-content\/uploads\/2019\/04\/56604981_2298823037073220_5020278485067759616_n.jpg\" data-orig-size=\"390,293\" data-comments-opened=\"1\" data-image-meta=\"{&quot;aperture&quot;:&quot;0&quot;,&quot;credit&quot;:&quot;&quot;,&quot;camera&quot;:&quot;&quot;,&quot;caption&quot;:&quot;&quot;,&quot;created_timestamp&quot;:&quot;0&quot;,&quot;copyright&quot;:&quot;&quot;,&quot;focal_length&quot;:&quot;0&quot;,&quot;iso&quot;:&quot;0&quot;,&quot;shutter_speed&quot;:&quot;0&quot;,&quot;title&quot;:&quot;&quot;,&quot;orientation&quot;:&quot;0&quot;}\" data-image-title=\"56604981_2298823037073220_5020278485067759616_n\" data-image-description=\"\" data-image-caption=\"\" data-large-file=\"https:\/\/eldiariodesanpedro.com.ar\/sitio\/wp-content\/uploads\/2019\/04\/56604981_2298823037073220_5020278485067759616_n.jpg\" data-src=\"https:\/\/eldiariodesanpedro.com.ar\/sitio\/wp-content\/uploads\/2019\/04\/56604981_2298823037073220_5020278485067759616_n.jpg\" alt=\"\" class=\"wp-image-50358 lazyload\" width=\"590\" height=\"443\" data-srcset=\"https:\/\/eldiariodesanpedro.com.ar\/sitio\/wp-content\/uploads\/2019\/04\/56604981_2298823037073220_5020278485067759616_n.jpg 390w, https:\/\/eldiariodesanpedro.com.ar\/sitio\/wp-content\/uploads\/2019\/04\/56604981_2298823037073220_5020278485067759616_n-300x225.jpg 300w\" data-sizes=\"(max-width: 590px) 100vw, 590px\" src=\"data:image\/svg+xml;base64,PHN2ZyB3aWR0aD0iMSIgaGVpZ2h0PSIxIiB4bWxucz0iaHR0cDovL3d3dy53My5vcmcvMjAwMC9zdmciPjwvc3ZnPg==\" style=\"--smush-placeholder-width: 590px; --smush-placeholder-aspect-ratio: 590\/443;\" \/><\/figure>\n\n\n\n<figure class=\"wp-block-image is-resized\"><img decoding=\"async\" data-attachment-id=\"50357\" data-permalink=\"https:\/\/eldiariodesanpedro.com.ar\/sitio\/baradero-fue-confirmado-que-axel-barreto-no-murio-por-hantavirus\/56447529_996365964086198_7635749887128109056_n\/\" data-orig-file=\"https:\/\/eldiariodesanpedro.com.ar\/sitio\/wp-content\/uploads\/2019\/04\/56447529_996365964086198_7635749887128109056_n.jpg\" data-orig-size=\"288,390\" data-comments-opened=\"1\" data-image-meta=\"{&quot;aperture&quot;:&quot;0&quot;,&quot;credit&quot;:&quot;&quot;,&quot;camera&quot;:&quot;&quot;,&quot;caption&quot;:&quot;&quot;,&quot;created_timestamp&quot;:&quot;0&quot;,&quot;copyright&quot;:&quot;&quot;,&quot;focal_length&quot;:&quot;0&quot;,&quot;iso&quot;:&quot;0&quot;,&quot;shutter_speed&quot;:&quot;0&quot;,&quot;title&quot;:&quot;&quot;,&quot;orientation&quot;:&quot;0&quot;}\" data-image-title=\"56447529_996365964086198_7635749887128109056_n\" data-image-description=\"\" data-image-caption=\"\" data-large-file=\"https:\/\/eldiariodesanpedro.com.ar\/sitio\/wp-content\/uploads\/2019\/04\/56447529_996365964086198_7635749887128109056_n.jpg\" data-src=\"https:\/\/eldiariodesanpedro.com.ar\/sitio\/wp-content\/uploads\/2019\/04\/56447529_996365964086198_7635749887128109056_n.jpg\" alt=\"\" class=\"wp-image-50357 lazyload\" width=\"580\" height=\"786\" data-srcset=\"https:\/\/eldiariodesanpedro.com.ar\/sitio\/wp-content\/uploads\/2019\/04\/56447529_996365964086198_7635749887128109056_n.jpg 288w, https:\/\/eldiariodesanpedro.com.ar\/sitio\/wp-content\/uploads\/2019\/04\/56447529_996365964086198_7635749887128109056_n-222x300.jpg 222w\" data-sizes=\"(max-width: 580px) 100vw, 580px\" src=\"data:image\/svg+xml;base64,PHN2ZyB3aWR0aD0iMSIgaGVpZ2h0PSIxIiB4bWxucz0iaHR0cDovL3d3dy53My5vcmcvMjAwMC9zdmciPjwvc3ZnPg==\" style=\"--smush-placeholder-width: 580px; --smush-placeholder-aspect-ratio: 580\/786;\" \/><\/figure>\n","protected":false},"excerpt":{"rendered":"<p>En la tarde del lunes la mam\u00e1 de Axel Barreto, quien falleci\u00f3 la semana pasada en el hospital, se encaden\u00f3 en la entrada a la guardia del nosocomio. Acompa\u00f1ada por familiares y amigos, tom\u00f3 esta medida hasta que las autoridades le entregaran la historia cl\u00ednica. Con el correr de las horas se hizo presente el [&hellip;]<\/p>\n","protected":false},"author":4,"featured_media":50360,"comment_status":"open","ping_status":"closed","sticky":false,"template":"","format":"standard","meta":{"om_disable_all_campaigns":false,"_jetpack_memberships_contains_paid_content":false,"footnotes":""},"categories":[621],"tags":[],"class_list":["post-50353","post","type-post","status-publish","format-standard","has-post-thumbnail","hentry","category-regionales"],"aioseo_notices":[],"gutentor_comment":0,"jetpack_featured_media_url":"https:\/\/eldiariodesanpedro.com.ar\/sitio\/wp-content\/uploads\/2019\/04\/56887014_1097230270469306_5571287158095872000_n.jpg","jetpack_shortlink":"https:\/\/wp.me\/p6RhLt-d69","jetpack_sharing_enabled":true,"_links":{"self":[{"href":"https:\/\/eldiariodesanpedro.com.ar\/sitio\/wp-json\/wp\/v2\/posts\/50353","targetHints":{"allow":["GET"]}}],"collection":[{"href":"https:\/\/eldiariodesanpedro.com.ar\/sitio\/wp-json\/wp\/v2\/posts"}],"about":[{"href":"https:\/\/eldiariodesanpedro.com.ar\/sitio\/wp-json\/wp\/v2\/types\/post"}],"author":[{"embeddable":true,"href":"https:\/\/eldiariodesanpedro.com.ar\/sitio\/wp-json\/wp\/v2\/users\/4"}],"replies":[{"embeddable":true,"href":"https:\/\/eldiariodesanpedro.com.ar\/sitio\/wp-json\/wp\/v2\/comments?post=50353"}],"version-history":[{"count":1,"href":"https:\/\/eldiariodesanpedro.com.ar\/sitio\/wp-json\/wp\/v2\/posts\/50353\/revisions"}],"predecessor-version":[{"id":50363,"href":"https:\/\/eldiariodesanpedro.com.ar\/sitio\/wp-json\/wp\/v2\/posts\/50353\/revisions\/50363"}],"wp:featuredmedia":[{"embeddable":true,"href":"https:\/\/eldiariodesanpedro.com.ar\/sitio\/wp-json\/wp\/v2\/media\/50360"}],"wp:attachment":[{"href":"https:\/\/eldiariodesanpedro.com.ar\/sitio\/wp-json\/wp\/v2\/media?parent=50353"}],"wp:term":[{"taxonomy":"category","embeddable":true,"href":"https:\/\/eldiariodesanpedro.com.ar\/sitio\/wp-json\/wp\/v2\/categories?post=50353"},{"taxonomy":"post_tag","embeddable":true,"href":"https:\/\/eldiariodesanpedro.com.ar\/sitio\/wp-json\/wp\/v2\/tags?post=50353"}],"curies":[{"name":"wp","href":"https:\/\/api.w.org\/{rel}","templated":true}]}}