{"id":50350,"date":"2019-04-09T11:16:32","date_gmt":"2019-04-09T14:16:32","guid":{"rendered":"https:\/\/eldiariodesanpedro.com.ar\/sitio\/?p=50350"},"modified":"2019-04-09T11:16:41","modified_gmt":"2019-04-09T14:16:41","slug":"san-nicolas-detuvieron-a-los-presuntos-autores-del-robo-a-la-estacion-de-servicio","status":"publish","type":"post","link":"https:\/\/eldiariodesanpedro.com.ar\/sitio\/san-nicolas-detuvieron-a-los-presuntos-autores-del-robo-a-la-estacion-de-servicio\/","title":{"rendered":"SAN NICOL\u00c1S: Detuvieron a los presuntos autores del robo a la estaci\u00f3n de servicio"},"content":{"rendered":"<!-- VideographyWP Plugin Message: Automatic video embedding prevented by plugin options. -->\n\n<p>Efectivos de la DDI San Nicol\u00e1s junto al apoyo de la Comisar\u00eda Primera y del Comando Patrulla detuvieron a los presuntos autores del robo a la estaci\u00f3n de servicio OIL ocurrido este s\u00e1bado 6 de abril.<\/p>\n\n\n\n<p>Se trata de Alan Ramos de 25 a\u00f1os y Juan Nahuel Virgillito de 28 a\u00f1os.<\/p>\n\n\n\n<p>Ambos hab\u00edan llegado a bordo de una moto en horas de la tarde del s\u00e1bado, con sus rostros cubiertos por cascos. Uno de ellos baj\u00f3 y esgrimiendo un arma de fuego le rob\u00f3 al empleado del shop $1000 de la recaudaci\u00f3n.<\/p>\n\n\n\n<p>Tras tareas investigativas, declaraciones testimoniales y tareas de vigilancia se logr\u00f3 determinar la identidad de los ladrones. El aporte de las c\u00e1maras municipales fue clave para obtener dicha informaci\u00f3n.<\/p>\n\n\n\n<p>La fiscal\u00eda N\u00b0 3 solicit\u00f3 una orden de allanamiento para los domicilios de ambos sujetos, la cual fue otorgada por el Juez de Garant\u00edas.<\/p>\n\n\n\n<p>En calle Meli\u00e1n al 400 fue detenido Ramos y en barrio Fonavi encontraron a Virgillito. Tambi\u00e9n secuestraron las prendas que llevaban al momento de cometer el delito.<\/p>\n\n\n\n<p>Por el hecho se labraron actuaciones por Esclarecimiento de Robo Calificado, Aprehensiones y Secuestros. <\/p>\n\n\n\n<p>Fuente: Diario El informante<\/p>\n","protected":false},"excerpt":{"rendered":"<p>Efectivos de la DDI San Nicol\u00e1s junto al apoyo de la Comisar\u00eda Primera y del Comando Patrulla detuvieron a los presuntos autores del robo a la estaci\u00f3n de servicio OIL ocurrido este s\u00e1bado 6 de abril. Se trata de Alan Ramos de 25 a\u00f1os y Juan Nahuel Virgillito de 28 a\u00f1os. Ambos hab\u00edan llegado a [&hellip;]<\/p>\n","protected":false},"author":4,"featured_media":50351,"comment_status":"open","ping_status":"closed","sticky":false,"template":"","format":"standard","meta":{"om_disable_all_campaigns":false,"_jetpack_memberships_contains_paid_content":false,"footnotes":""},"categories":[621],"tags":[],"class_list":["post-50350","post","type-post","status-publish","format-standard","has-post-thumbnail","hentry","category-regionales"],"aioseo_notices":[],"gutentor_comment":0,"jetpack_featured_media_url":"https:\/\/eldiariodesanpedro.com.ar\/sitio\/wp-content\/uploads\/2019\/04\/no_nrsxqpgmil2o0e4d.jpg","jetpack_shortlink":"https:\/\/wp.me\/p6RhLt-d66","jetpack_sharing_enabled":true,"_links":{"self":[{"href":"https:\/\/eldiariodesanpedro.com.ar\/sitio\/wp-json\/wp\/v2\/posts\/50350","targetHints":{"allow":["GET"]}}],"collection":[{"href":"https:\/\/eldiariodesanpedro.com.ar\/sitio\/wp-json\/wp\/v2\/posts"}],"about":[{"href":"https:\/\/eldiariodesanpedro.com.ar\/sitio\/wp-json\/wp\/v2\/types\/post"}],"author":[{"embeddable":true,"href":"https:\/\/eldiariodesanpedro.com.ar\/sitio\/wp-json\/wp\/v2\/users\/4"}],"replies":[{"embeddable":true,"href":"https:\/\/eldiariodesanpedro.com.ar\/sitio\/wp-json\/wp\/v2\/comments?post=50350"}],"version-history":[{"count":1,"href":"https:\/\/eldiariodesanpedro.com.ar\/sitio\/wp-json\/wp\/v2\/posts\/50350\/revisions"}],"predecessor-version":[{"id":50352,"href":"https:\/\/eldiariodesanpedro.com.ar\/sitio\/wp-json\/wp\/v2\/posts\/50350\/revisions\/50352"}],"wp:featuredmedia":[{"embeddable":true,"href":"https:\/\/eldiariodesanpedro.com.ar\/sitio\/wp-json\/wp\/v2\/media\/50351"}],"wp:attachment":[{"href":"https:\/\/eldiariodesanpedro.com.ar\/sitio\/wp-json\/wp\/v2\/media?parent=50350"}],"wp:term":[{"taxonomy":"category","embeddable":true,"href":"https:\/\/eldiariodesanpedro.com.ar\/sitio\/wp-json\/wp\/v2\/categories?post=50350"},{"taxonomy":"post_tag","embeddable":true,"href":"https:\/\/eldiariodesanpedro.com.ar\/sitio\/wp-json\/wp\/v2\/tags?post=50350"}],"curies":[{"name":"wp","href":"https:\/\/api.w.org\/{rel}","templated":true}]}}