{"id":50347,"date":"2019-04-09T09:44:22","date_gmt":"2019-04-09T12:44:22","guid":{"rendered":"https:\/\/eldiariodesanpedro.com.ar\/sitio\/?p=50347"},"modified":"2019-04-09T09:44:32","modified_gmt":"2019-04-09T12:44:32","slug":"campana-delincuente-balea-en-la-cabeza-a-un-remisero","status":"publish","type":"post","link":"https:\/\/eldiariodesanpedro.com.ar\/sitio\/campana-delincuente-balea-en-la-cabeza-a-un-remisero\/","title":{"rendered":"CAMPANA: Delincuente balea en la cabeza a un remisero"},"content":{"rendered":"<!-- VideographyWP Plugin Message: Automatic video embedding prevented by plugin options. -->\n\n<p>Se trata del chofer de una agencia campanense, quien llevaba a un pasajero hasta el barrio Matadero, de Z\u00e1rate. Al llegar, el sujeto lo asalt\u00f3 y le dispar\u00f3 en la nuca. La bala sali\u00f3 y la v\u00edctima logr\u00f3 llamar a la Polic\u00eda. Permanece internado.<\/p>\n\n\n\n<p>Un remisero campanense fue baleado en Z\u00e1rate, en un asalto ocurrido en el barrio Matadero, donde se dispon\u00eda a llevar a un pasajero, el cual termin\u00f3 dispar\u00e1ndole.<\/p>\n\n\n\n<p>El hecho ocurri\u00f3 en horas de la noche del Domingo. El delincuente abord\u00f3 un auto de la agencia Remises Pronto Campana, y se dirig\u00eda rumbo al mencionado bario de la vecina ciudad. Sin embargo al llegar a destino, el pasajero sac\u00f3 un arma y asalt\u00f3 al conductor. Pero antes de irse, le dispar\u00f3 en la cabeza.<\/p>\n\n\n\n<p>Al parecer, la bala habr\u00eda ingresado por la zona de la nuca, y salido por uno de los p\u00f3mulos. Gravemente herido, la v\u00edctima identificada como Lucas Aguilar, pudo llamar al 911 y recibir luego asistencia de una ambulancia del SEMU, siendo trasladado al hospital zonal Virgen del Carmen, donde permanece internado, estable.\n\n<\/p>\n","protected":false},"excerpt":{"rendered":"<p>Se trata del chofer de una agencia campanense, quien llevaba a un pasajero hasta el barrio Matadero, de Z\u00e1rate. Al llegar, el sujeto lo asalt\u00f3 y le dispar\u00f3 en la nuca. La bala sali\u00f3 y la v\u00edctima logr\u00f3 llamar a la Polic\u00eda. Permanece internado. Un remisero campanense fue baleado en Z\u00e1rate, en un asalto ocurrido [&hellip;]<\/p>\n","protected":false},"author":4,"featured_media":50348,"comment_status":"open","ping_status":"closed","sticky":false,"template":"","format":"standard","meta":{"om_disable_all_campaigns":false,"_jetpack_memberships_contains_paid_content":false,"footnotes":""},"categories":[621],"tags":[],"class_list":["post-50347","post","type-post","status-publish","format-standard","has-post-thumbnail","hentry","category-regionales"],"aioseo_notices":[],"gutentor_comment":0,"jetpack_featured_media_url":"https:\/\/eldiariodesanpedro.com.ar\/sitio\/wp-content\/uploads\/2019\/04\/20190408103016.jpg","jetpack_shortlink":"https:\/\/wp.me\/p6RhLt-d63","jetpack_sharing_enabled":true,"_links":{"self":[{"href":"https:\/\/eldiariodesanpedro.com.ar\/sitio\/wp-json\/wp\/v2\/posts\/50347","targetHints":{"allow":["GET"]}}],"collection":[{"href":"https:\/\/eldiariodesanpedro.com.ar\/sitio\/wp-json\/wp\/v2\/posts"}],"about":[{"href":"https:\/\/eldiariodesanpedro.com.ar\/sitio\/wp-json\/wp\/v2\/types\/post"}],"author":[{"embeddable":true,"href":"https:\/\/eldiariodesanpedro.com.ar\/sitio\/wp-json\/wp\/v2\/users\/4"}],"replies":[{"embeddable":true,"href":"https:\/\/eldiariodesanpedro.com.ar\/sitio\/wp-json\/wp\/v2\/comments?post=50347"}],"version-history":[{"count":1,"href":"https:\/\/eldiariodesanpedro.com.ar\/sitio\/wp-json\/wp\/v2\/posts\/50347\/revisions"}],"predecessor-version":[{"id":50349,"href":"https:\/\/eldiariodesanpedro.com.ar\/sitio\/wp-json\/wp\/v2\/posts\/50347\/revisions\/50349"}],"wp:featuredmedia":[{"embeddable":true,"href":"https:\/\/eldiariodesanpedro.com.ar\/sitio\/wp-json\/wp\/v2\/media\/50348"}],"wp:attachment":[{"href":"https:\/\/eldiariodesanpedro.com.ar\/sitio\/wp-json\/wp\/v2\/media?parent=50347"}],"wp:term":[{"taxonomy":"category","embeddable":true,"href":"https:\/\/eldiariodesanpedro.com.ar\/sitio\/wp-json\/wp\/v2\/categories?post=50347"},{"taxonomy":"post_tag","embeddable":true,"href":"https:\/\/eldiariodesanpedro.com.ar\/sitio\/wp-json\/wp\/v2\/tags?post=50347"}],"curies":[{"name":"wp","href":"https:\/\/api.w.org\/{rel}","templated":true}]}}