{"id":50333,"date":"2019-04-09T09:01:19","date_gmt":"2019-04-09T12:01:19","guid":{"rendered":"https:\/\/eldiariodesanpedro.com.ar\/sitio\/?p=50333"},"modified":"2019-04-09T09:01:31","modified_gmt":"2019-04-09T12:01:31","slug":"domingo-bronce-nuevo-delegado-municipal-en-rio-tala","status":"publish","type":"post","link":"https:\/\/eldiariodesanpedro.com.ar\/sitio\/domingo-bronce-nuevo-delegado-municipal-en-rio-tala\/","title":{"rendered":"Domingo Bronce nuevo delegado municipal en R\u00edo Tala"},"content":{"rendered":"<!-- VideographyWP Plugin Message: Automatic video embedding prevented by plugin options. -->\n\n<p> El ex concejal y director de servicios p\u00fablicos Domingo Bronce asumi\u00f3 funciones como delegado municipal de R\u00edo Tala desde este lunes. <\/p>\n\n\n\n<p>Tras una serie de reuniones en las que se ajustaron detalles administrativos para su ingreso, ya que por su condici\u00f3n de jubilado no percibir\u00e1 sueldo por esta nueva funci\u00f3n que cumplir\u00e1 \u00abad honorem\u00bb, Bronce ya est\u00e1 al frente de la delegaci\u00f3n. En un sencillo acto, el Intendente Salazar le dio la bienvenida y destac\u00f3 que \u00absumamos a una persona en la que tenemos mucha confianza y ser\u00e1 muy responsable en su trabajo\u00bb. <\/p>\n\n\n\n<p>Bronce agradeci\u00f3 esta nueva oportunidad y la confianza del Intendente y destac\u00f3 que encontr\u00f3 un lugar muy ordenado que \u00absumar\u00e1 como un compa\u00f1ero m\u00e1s para seguir mejorando y trabajando juntos por el bien de R\u00edo Tala y de todo San Pedro\u00bb. <\/p>\n\n\n\n<ul class=\"wp-block-gallery columns-3 is-cropped wp-block-gallery-1 is-layout-flex wp-block-gallery-is-layout-flex\"><li class=\"blocks-gallery-item\"><figure><img decoding=\"async\" width=\"5152\" height=\"3222\" data-attachment-id=\"50334\" data-permalink=\"https:\/\/eldiariodesanpedro.com.ar\/sitio\/domingo-bronce-nuevo-delegado-municipal-en-rio-tala\/1-79\/\" data-orig-file=\"https:\/\/eldiariodesanpedro.com.ar\/sitio\/wp-content\/uploads\/2019\/04\/1-4.jpg\" data-orig-size=\"5152,3222\" data-comments-opened=\"1\" data-image-meta=\"{&quot;aperture&quot;:&quot;5.6&quot;,&quot;credit&quot;:&quot;&quot;,&quot;camera&quot;:&quot;Canon EOS 5D Mark III&quot;,&quot;caption&quot;:&quot;&quot;,&quot;created_timestamp&quot;:&quot;1562421011&quot;,&quot;copyright&quot;:&quot;&quot;,&quot;focal_length&quot;:&quot;55&quot;,&quot;iso&quot;:&quot;400&quot;,&quot;shutter_speed&quot;:&quot;0.008&quot;,&quot;title&quot;:&quot;&quot;,&quot;orientation&quot;:&quot;0&quot;}\" data-image-title=\"1\" data-image-description=\"\" data-image-caption=\"\" data-large-file=\"https:\/\/eldiariodesanpedro.com.ar\/sitio\/wp-content\/uploads\/2019\/04\/1-4-1024x640.jpg\" data-src=\"https:\/\/i1.wp.com\/eldiariodesanpedro.com.ar\/sitio\/wp-content\/uploads\/2019\/04\/1-4.jpg?fit=660%2C413\" alt=\"\" data-id=\"50334\" data-link=\"https:\/\/eldiariodesanpedro.com.ar\/sitio\/?attachment_id=50334\" class=\"wp-image-50334 lazyload\" data-srcset=\"https:\/\/eldiariodesanpedro.com.ar\/sitio\/wp-content\/uploads\/2019\/04\/1-4.jpg 5152w, https:\/\/eldiariodesanpedro.com.ar\/sitio\/wp-content\/uploads\/2019\/04\/1-4-300x188.jpg 300w, https:\/\/eldiariodesanpedro.com.ar\/sitio\/wp-content\/uploads\/2019\/04\/1-4-768x480.jpg 768w, https:\/\/eldiariodesanpedro.com.ar\/sitio\/wp-content\/uploads\/2019\/04\/1-4-1024x640.jpg 1024w\" data-sizes=\"(max-width: 5152px) 100vw, 5152px\" src=\"data:image\/svg+xml;base64,PHN2ZyB3aWR0aD0iMSIgaGVpZ2h0PSIxIiB4bWxucz0iaHR0cDovL3d3dy53My5vcmcvMjAwMC9zdmciPjwvc3ZnPg==\" style=\"--smush-placeholder-width: 5152px; --smush-placeholder-aspect-ratio: 5152\/3222;\" \/><\/figure><\/li><li class=\"blocks-gallery-item\"><figure><img decoding=\"async\" width=\"4088\" height=\"2774\" data-attachment-id=\"50335\" data-permalink=\"https:\/\/eldiariodesanpedro.com.ar\/sitio\/domingo-bronce-nuevo-delegado-municipal-en-rio-tala\/bi4a4835\/\" data-orig-file=\"https:\/\/eldiariodesanpedro.com.ar\/sitio\/wp-content\/uploads\/2019\/04\/BI4A4835.jpg\" data-orig-size=\"4088,2774\" data-comments-opened=\"1\" data-image-meta=\"{&quot;aperture&quot;:&quot;6.3&quot;,&quot;credit&quot;:&quot;&quot;,&quot;camera&quot;:&quot;Canon EOS 5D Mark III&quot;,&quot;caption&quot;:&quot;&quot;,&quot;created_timestamp&quot;:&quot;1562420087&quot;,&quot;copyright&quot;:&quot;&quot;,&quot;focal_length&quot;:&quot;24&quot;,&quot;iso&quot;:&quot;100&quot;,&quot;shutter_speed&quot;:&quot;0.0125&quot;,&quot;title&quot;:&quot;&quot;,&quot;orientation&quot;:&quot;0&quot;}\" data-image-title=\"BI4A4835\" data-image-description=\"\" data-image-caption=\"\" data-large-file=\"https:\/\/eldiariodesanpedro.com.ar\/sitio\/wp-content\/uploads\/2019\/04\/BI4A4835-1024x695.jpg\" data-src=\"https:\/\/i2.wp.com\/eldiariodesanpedro.com.ar\/sitio\/wp-content\/uploads\/2019\/04\/BI4A4835.jpg?fit=660%2C448\" alt=\"\" data-id=\"50335\" data-link=\"https:\/\/eldiariodesanpedro.com.ar\/sitio\/?attachment_id=50335\" class=\"wp-image-50335 lazyload\" data-srcset=\"https:\/\/eldiariodesanpedro.com.ar\/sitio\/wp-content\/uploads\/2019\/04\/BI4A4835.jpg 4088w, https:\/\/eldiariodesanpedro.com.ar\/sitio\/wp-content\/uploads\/2019\/04\/BI4A4835-300x204.jpg 300w, https:\/\/eldiariodesanpedro.com.ar\/sitio\/wp-content\/uploads\/2019\/04\/BI4A4835-768x521.jpg 768w, https:\/\/eldiariodesanpedro.com.ar\/sitio\/wp-content\/uploads\/2019\/04\/BI4A4835-1024x695.jpg 1024w\" data-sizes=\"(max-width: 4088px) 100vw, 4088px\" src=\"data:image\/svg+xml;base64,PHN2ZyB3aWR0aD0iMSIgaGVpZ2h0PSIxIiB4bWxucz0iaHR0cDovL3d3dy53My5vcmcvMjAwMC9zdmciPjwvc3ZnPg==\" style=\"--smush-placeholder-width: 4088px; --smush-placeholder-aspect-ratio: 4088\/2774;\" \/><\/figure><\/li><li class=\"blocks-gallery-item\"><figure><img decoding=\"async\" width=\"5760\" height=\"3168\" data-attachment-id=\"50336\" data-permalink=\"https:\/\/eldiariodesanpedro.com.ar\/sitio\/domingo-bronce-nuevo-delegado-municipal-en-rio-tala\/bi4a4839\/\" data-orig-file=\"https:\/\/eldiariodesanpedro.com.ar\/sitio\/wp-content\/uploads\/2019\/04\/BI4A4839.jpg\" data-orig-size=\"5760,3168\" data-comments-opened=\"1\" data-image-meta=\"{&quot;aperture&quot;:&quot;4&quot;,&quot;credit&quot;:&quot;&quot;,&quot;camera&quot;:&quot;Canon EOS 5D Mark III&quot;,&quot;caption&quot;:&quot;&quot;,&quot;created_timestamp&quot;:&quot;1562420186&quot;,&quot;copyright&quot;:&quot;&quot;,&quot;focal_length&quot;:&quot;24&quot;,&quot;iso&quot;:&quot;1250&quot;,&quot;shutter_speed&quot;:&quot;0.0125&quot;,&quot;title&quot;:&quot;&quot;,&quot;orientation&quot;:&quot;0&quot;}\" data-image-title=\"BI4A4839\" data-image-description=\"\" data-image-caption=\"\" data-large-file=\"https:\/\/eldiariodesanpedro.com.ar\/sitio\/wp-content\/uploads\/2019\/04\/BI4A4839-1024x563.jpg\" data-src=\"https:\/\/i1.wp.com\/eldiariodesanpedro.com.ar\/sitio\/wp-content\/uploads\/2019\/04\/BI4A4839.jpg?fit=660%2C363\" alt=\"\" data-id=\"50336\" data-link=\"https:\/\/eldiariodesanpedro.com.ar\/sitio\/?attachment_id=50336\" class=\"wp-image-50336 lazyload\" data-srcset=\"https:\/\/eldiariodesanpedro.com.ar\/sitio\/wp-content\/uploads\/2019\/04\/BI4A4839.jpg 5760w, https:\/\/eldiariodesanpedro.com.ar\/sitio\/wp-content\/uploads\/2019\/04\/BI4A4839-300x165.jpg 300w, https:\/\/eldiariodesanpedro.com.ar\/sitio\/wp-content\/uploads\/2019\/04\/BI4A4839-768x422.jpg 768w, https:\/\/eldiariodesanpedro.com.ar\/sitio\/wp-content\/uploads\/2019\/04\/BI4A4839-1024x563.jpg 1024w\" data-sizes=\"(max-width: 5760px) 100vw, 5760px\" src=\"data:image\/svg+xml;base64,PHN2ZyB3aWR0aD0iMSIgaGVpZ2h0PSIxIiB4bWxucz0iaHR0cDovL3d3dy53My5vcmcvMjAwMC9zdmciPjwvc3ZnPg==\" style=\"--smush-placeholder-width: 5760px; --smush-placeholder-aspect-ratio: 5760\/3168;\" \/><\/figure><\/li><li class=\"blocks-gallery-item\"><figure><img decoding=\"async\" width=\"5760\" height=\"3840\" data-attachment-id=\"50337\" data-permalink=\"https:\/\/eldiariodesanpedro.com.ar\/sitio\/domingo-bronce-nuevo-delegado-municipal-en-rio-tala\/bi4a4846\/\" data-orig-file=\"https:\/\/eldiariodesanpedro.com.ar\/sitio\/wp-content\/uploads\/2019\/04\/BI4A4846.jpg\" data-orig-size=\"5760,3840\" data-comments-opened=\"1\" data-image-meta=\"{&quot;aperture&quot;:&quot;6.3&quot;,&quot;credit&quot;:&quot;&quot;,&quot;camera&quot;:&quot;Canon EOS 5D Mark III&quot;,&quot;caption&quot;:&quot;&quot;,&quot;created_timestamp&quot;:&quot;1562420736&quot;,&quot;copyright&quot;:&quot;&quot;,&quot;focal_length&quot;:&quot;24&quot;,&quot;iso&quot;:&quot;400&quot;,&quot;shutter_speed&quot;:&quot;0.005&quot;,&quot;title&quot;:&quot;&quot;,&quot;orientation&quot;:&quot;0&quot;}\" data-image-title=\"BI4A4846\" data-image-description=\"\" data-image-caption=\"\" data-large-file=\"https:\/\/eldiariodesanpedro.com.ar\/sitio\/wp-content\/uploads\/2019\/04\/BI4A4846-1024x683.jpg\" data-src=\"https:\/\/i2.wp.com\/eldiariodesanpedro.com.ar\/sitio\/wp-content\/uploads\/2019\/04\/BI4A4846.jpg?fit=660%2C440\" alt=\"\" data-id=\"50337\" data-link=\"https:\/\/eldiariodesanpedro.com.ar\/sitio\/?attachment_id=50337\" class=\"wp-image-50337 lazyload\" data-srcset=\"https:\/\/eldiariodesanpedro.com.ar\/sitio\/wp-content\/uploads\/2019\/04\/BI4A4846.jpg 5760w, https:\/\/eldiariodesanpedro.com.ar\/sitio\/wp-content\/uploads\/2019\/04\/BI4A4846-300x200.jpg 300w, https:\/\/eldiariodesanpedro.com.ar\/sitio\/wp-content\/uploads\/2019\/04\/BI4A4846-768x512.jpg 768w, https:\/\/eldiariodesanpedro.com.ar\/sitio\/wp-content\/uploads\/2019\/04\/BI4A4846-1024x683.jpg 1024w\" data-sizes=\"(max-width: 5760px) 100vw, 5760px\" src=\"data:image\/svg+xml;base64,PHN2ZyB3aWR0aD0iMSIgaGVpZ2h0PSIxIiB4bWxucz0iaHR0cDovL3d3dy53My5vcmcvMjAwMC9zdmciPjwvc3ZnPg==\" style=\"--smush-placeholder-width: 5760px; --smush-placeholder-aspect-ratio: 5760\/3840;\" \/><\/figure><\/li><\/ul>\n","protected":false},"excerpt":{"rendered":"<p>El ex concejal y director de servicios p\u00fablicos Domingo Bronce asumi\u00f3 funciones como delegado municipal de R\u00edo Tala desde este lunes. Tras una serie de reuniones en las que se ajustaron detalles administrativos para su ingreso, ya que por su condici\u00f3n de jubilado no percibir\u00e1 sueldo por esta nueva funci\u00f3n que cumplir\u00e1 \u00abad honorem\u00bb, Bronce [&hellip;]<\/p>\n","protected":false},"author":4,"featured_media":50334,"comment_status":"open","ping_status":"closed","sticky":false,"template":"","format":"standard","meta":{"om_disable_all_campaigns":false,"_jetpack_memberships_contains_paid_content":false,"footnotes":""},"categories":[50,101,2],"tags":[],"class_list":["post-50333","post","type-post","status-publish","format-standard","has-post-thumbnail","hentry","category-destacadas","category-interes-general-locales","category-locales"],"aioseo_notices":[],"gutentor_comment":0,"jetpack_featured_media_url":"https:\/\/eldiariodesanpedro.com.ar\/sitio\/wp-content\/uploads\/2019\/04\/1-4.jpg","jetpack_shortlink":"https:\/\/wp.me\/p6RhLt-d5P","jetpack_sharing_enabled":true,"_links":{"self":[{"href":"https:\/\/eldiariodesanpedro.com.ar\/sitio\/wp-json\/wp\/v2\/posts\/50333","targetHints":{"allow":["GET"]}}],"collection":[{"href":"https:\/\/eldiariodesanpedro.com.ar\/sitio\/wp-json\/wp\/v2\/posts"}],"about":[{"href":"https:\/\/eldiariodesanpedro.com.ar\/sitio\/wp-json\/wp\/v2\/types\/post"}],"author":[{"embeddable":true,"href":"https:\/\/eldiariodesanpedro.com.ar\/sitio\/wp-json\/wp\/v2\/users\/4"}],"replies":[{"embeddable":true,"href":"https:\/\/eldiariodesanpedro.com.ar\/sitio\/wp-json\/wp\/v2\/comments?post=50333"}],"version-history":[{"count":1,"href":"https:\/\/eldiariodesanpedro.com.ar\/sitio\/wp-json\/wp\/v2\/posts\/50333\/revisions"}],"predecessor-version":[{"id":50338,"href":"https:\/\/eldiariodesanpedro.com.ar\/sitio\/wp-json\/wp\/v2\/posts\/50333\/revisions\/50338"}],"wp:featuredmedia":[{"embeddable":true,"href":"https:\/\/eldiariodesanpedro.com.ar\/sitio\/wp-json\/wp\/v2\/media\/50334"}],"wp:attachment":[{"href":"https:\/\/eldiariodesanpedro.com.ar\/sitio\/wp-json\/wp\/v2\/media?parent=50333"}],"wp:term":[{"taxonomy":"category","embeddable":true,"href":"https:\/\/eldiariodesanpedro.com.ar\/sitio\/wp-json\/wp\/v2\/categories?post=50333"},{"taxonomy":"post_tag","embeddable":true,"href":"https:\/\/eldiariodesanpedro.com.ar\/sitio\/wp-json\/wp\/v2\/tags?post=50333"}],"curies":[{"name":"wp","href":"https:\/\/api.w.org\/{rel}","templated":true}]}}