{"id":50325,"date":"2019-04-09T08:58:04","date_gmt":"2019-04-09T11:58:04","guid":{"rendered":"https:\/\/eldiariodesanpedro.com.ar\/sitio\/?p=50325"},"modified":"2019-04-09T09:13:26","modified_gmt":"2019-04-09T12:13:26","slug":"apinta-movilizacion-en-reclamo-a-la-central-de-inta","status":"publish","type":"post","link":"https:\/\/eldiariodesanpedro.com.ar\/sitio\/apinta-movilizacion-en-reclamo-a-la-central-de-inta\/","title":{"rendered":"APINTA: Movilizaci\u00f3n en reclamo a la central de INTA"},"content":{"rendered":"<!-- VideographyWP Plugin Message: Automatic video embedding prevented by plugin options. -->\n\n<p>Este lunes 8 del corriente mes, los compa\u00f1eros de la seccional de APINTA San Pedro, junto a otros compa\u00f1eros de distintas seccionales de todo el pa\u00eds, junto al secretariado nacional tambi\u00e9n, se movilizaron  hacia las puertas de  INTA Central, Capital Federal.<\/p>\n\n\n\n<figure class=\"wp-block-image\"><img decoding=\"async\" width=\"1280\" height=\"905\" data-attachment-id=\"50326\" data-permalink=\"https:\/\/eldiariodesanpedro.com.ar\/sitio\/apinta-movilizacion-en-reclamo-a-la-central-de-inta\/whatsapp-image-2019-04-09-at-7-53-33-am\/\" data-orig-file=\"https:\/\/eldiariodesanpedro.com.ar\/sitio\/wp-content\/uploads\/2019\/04\/WhatsApp-Image-2019-04-09-at-7.53.33-AM.jpeg\" data-orig-size=\"1280,905\" data-comments-opened=\"1\" data-image-meta=\"{&quot;aperture&quot;:&quot;0&quot;,&quot;credit&quot;:&quot;&quot;,&quot;camera&quot;:&quot;&quot;,&quot;caption&quot;:&quot;&quot;,&quot;created_timestamp&quot;:&quot;0&quot;,&quot;copyright&quot;:&quot;&quot;,&quot;focal_length&quot;:&quot;0&quot;,&quot;iso&quot;:&quot;0&quot;,&quot;shutter_speed&quot;:&quot;0&quot;,&quot;title&quot;:&quot;&quot;,&quot;orientation&quot;:&quot;0&quot;}\" data-image-title=\"WhatsApp Image 2019-04-09 at 7.53.33 AM\" data-image-description=\"\" data-image-caption=\"\" data-large-file=\"https:\/\/eldiariodesanpedro.com.ar\/sitio\/wp-content\/uploads\/2019\/04\/WhatsApp-Image-2019-04-09-at-7.53.33-AM-1024x724.jpeg\" data-src=\"https:\/\/i0.wp.com\/eldiariodesanpedro.com.ar\/sitio\/wp-content\/uploads\/2019\/04\/WhatsApp-Image-2019-04-09-at-7.53.33-AM.jpeg?fit=660%2C467\" alt=\"\" class=\"wp-image-50326 lazyload\" data-srcset=\"https:\/\/eldiariodesanpedro.com.ar\/sitio\/wp-content\/uploads\/2019\/04\/WhatsApp-Image-2019-04-09-at-7.53.33-AM.jpeg 1280w, https:\/\/eldiariodesanpedro.com.ar\/sitio\/wp-content\/uploads\/2019\/04\/WhatsApp-Image-2019-04-09-at-7.53.33-AM-300x212.jpeg 300w, https:\/\/eldiariodesanpedro.com.ar\/sitio\/wp-content\/uploads\/2019\/04\/WhatsApp-Image-2019-04-09-at-7.53.33-AM-768x543.jpeg 768w, https:\/\/eldiariodesanpedro.com.ar\/sitio\/wp-content\/uploads\/2019\/04\/WhatsApp-Image-2019-04-09-at-7.53.33-AM-1024x724.jpeg 1024w\" data-sizes=\"(max-width: 1280px) 100vw, 1280px\" src=\"data:image\/svg+xml;base64,PHN2ZyB3aWR0aD0iMSIgaGVpZ2h0PSIxIiB4bWxucz0iaHR0cDovL3d3dy53My5vcmcvMjAwMC9zdmciPjwvc3ZnPg==\" style=\"--smush-placeholder-width: 1280px; --smush-placeholder-aspect-ratio: 1280\/905;\" \/><figcaption><br><br><\/figcaption><\/figure>\n\n\n\n<p>INTA (Instituto Nacional de Tecnologia Agropecuaria) es un organismo estatal descentralizado con autarqu\u00eda operativa y financiera, dependiente del&nbsp;Ministerio de Agroindustria&nbsp;de la Naci\u00f3n, APINTA es el gremio de los trabajadores que tiene su sede en nuestra ciudad donde este lunes marcharon a una movilizaci\u00f3n por distintos reclamos.<\/p>\n\n\n\n<p>Franco Lazzari, Secretario General de APINTA, dialogo con este medio  y explico los motivos de estos reclamos \u00abnos movilizamos en reclamos de la definanciacion de la instituci\u00f3n, de la falta de presupuesto, del no cumplimiento del Estado Nacional de la aprobaci\u00f3n del presupuesto para este a\u00f1o que fue aprobado por el congreso nacional y en este primer trimestre no se giro lo acordado, tambi\u00e9n por la perdida del poder adquisitivo que han sufrido nuestro compa\u00f1eros el a\u00f1o pasado, donde recibimos un 25% de aumento en las paritarias , UPSN cerro con el gobierno sabiendo que la inflaci\u00f3n fue mas que el 45%\u00bb<\/p>\n\n\n\n<p>\u00abOtros reclamos  que hemos realizado fue el cierre de 12 agencias de extensi\u00f3n de todo el pa\u00eds, el cierre de los IPAS que son institutos para peque\u00f1os productores\u00bb<\/p>\n\n\n\n<p>\u00abTodo esto lo ha realizado el consejo directivo nacional, que se re\u00fane una vez al mes en capital, que esta conformado por la asociaci\u00f3n rural, Federaci\u00f3n Agraria, ACREA, el Director Nacional y el Vicepresidente de la Instituci\u00f3n, que tienen puestos pol\u00edticos que hacen que definan estrategias y el rumbo de la instituci\u00f3n, este rumbo se esta definanciando sin tener  en cuenta a losa peque\u00f1os productores que son los que mas sufren estos ajustes y les cuesta salir adelante con su familia\u00bb <\/p>\n\n\n\n<p>\u00abMas de 1500 personas fuimos a esta movilizaci\u00f3n y presentamos una nota en el Ministerio de Trabajo para reabrir las paritarias para INTA, ademas fuimos atendidos por el vicepresidente de la instituci\u00f3n con quien pudimos dialogar por nuestro reclamos\u00bb, finalizaba la nota. <\/p>\n\n\n\n<ul class=\"wp-block-gallery columns-3 is-cropped wp-block-gallery-1 is-layout-flex wp-block-gallery-is-layout-flex\"><li class=\"blocks-gallery-item\"><figure><img decoding=\"async\" width=\"780\" height=\"1040\" data-attachment-id=\"50327\" data-permalink=\"https:\/\/eldiariodesanpedro.com.ar\/sitio\/apinta-movilizacion-en-reclamo-a-la-central-de-inta\/whatsapp-image-2019-04-09-at-7-52-50-am\/\" data-orig-file=\"https:\/\/eldiariodesanpedro.com.ar\/sitio\/wp-content\/uploads\/2019\/04\/WhatsApp-Image-2019-04-09-at-7.52.50-AM.jpeg\" data-orig-size=\"780,1040\" data-comments-opened=\"1\" data-image-meta=\"{&quot;aperture&quot;:&quot;0&quot;,&quot;credit&quot;:&quot;&quot;,&quot;camera&quot;:&quot;&quot;,&quot;caption&quot;:&quot;&quot;,&quot;created_timestamp&quot;:&quot;0&quot;,&quot;copyright&quot;:&quot;&quot;,&quot;focal_length&quot;:&quot;0&quot;,&quot;iso&quot;:&quot;0&quot;,&quot;shutter_speed&quot;:&quot;0&quot;,&quot;title&quot;:&quot;&quot;,&quot;orientation&quot;:&quot;0&quot;}\" data-image-title=\"WhatsApp Image 2019-04-09 at 7.52.50 AM\" data-image-description=\"\" data-image-caption=\"\" data-large-file=\"https:\/\/eldiariodesanpedro.com.ar\/sitio\/wp-content\/uploads\/2019\/04\/WhatsApp-Image-2019-04-09-at-7.52.50-AM-768x1024.jpeg\" data-src=\"https:\/\/i1.wp.com\/eldiariodesanpedro.com.ar\/sitio\/wp-content\/uploads\/2019\/04\/WhatsApp-Image-2019-04-09-at-7.52.50-AM.jpeg?fit=660%2C880\" alt=\"\" data-id=\"50327\" data-link=\"https:\/\/eldiariodesanpedro.com.ar\/sitio\/?attachment_id=50327\" class=\"wp-image-50327 lazyload\" data-srcset=\"https:\/\/eldiariodesanpedro.com.ar\/sitio\/wp-content\/uploads\/2019\/04\/WhatsApp-Image-2019-04-09-at-7.52.50-AM.jpeg 780w, https:\/\/eldiariodesanpedro.com.ar\/sitio\/wp-content\/uploads\/2019\/04\/WhatsApp-Image-2019-04-09-at-7.52.50-AM-225x300.jpeg 225w, https:\/\/eldiariodesanpedro.com.ar\/sitio\/wp-content\/uploads\/2019\/04\/WhatsApp-Image-2019-04-09-at-7.52.50-AM-768x1024.jpeg 768w\" data-sizes=\"(max-width: 780px) 100vw, 780px\" src=\"data:image\/svg+xml;base64,PHN2ZyB3aWR0aD0iMSIgaGVpZ2h0PSIxIiB4bWxucz0iaHR0cDovL3d3dy53My5vcmcvMjAwMC9zdmciPjwvc3ZnPg==\" style=\"--smush-placeholder-width: 780px; --smush-placeholder-aspect-ratio: 780\/1040;\" \/><\/figure><\/li><li class=\"blocks-gallery-item\"><figure><img decoding=\"async\" width=\"780\" height=\"1040\" data-attachment-id=\"50328\" data-permalink=\"https:\/\/eldiariodesanpedro.com.ar\/sitio\/apinta-movilizacion-en-reclamo-a-la-central-de-inta\/whatsapp-image-2019-04-09-at-7-52-51-am-1\/\" data-orig-file=\"https:\/\/eldiariodesanpedro.com.ar\/sitio\/wp-content\/uploads\/2019\/04\/WhatsApp-Image-2019-04-09-at-7.52.51-AM-1.jpeg\" data-orig-size=\"780,1040\" data-comments-opened=\"1\" data-image-meta=\"{&quot;aperture&quot;:&quot;0&quot;,&quot;credit&quot;:&quot;&quot;,&quot;camera&quot;:&quot;&quot;,&quot;caption&quot;:&quot;&quot;,&quot;created_timestamp&quot;:&quot;0&quot;,&quot;copyright&quot;:&quot;&quot;,&quot;focal_length&quot;:&quot;0&quot;,&quot;iso&quot;:&quot;0&quot;,&quot;shutter_speed&quot;:&quot;0&quot;,&quot;title&quot;:&quot;&quot;,&quot;orientation&quot;:&quot;0&quot;}\" data-image-title=\"WhatsApp Image 2019-04-09 at 7.52.51 AM (1)\" data-image-description=\"\" data-image-caption=\"\" data-large-file=\"https:\/\/eldiariodesanpedro.com.ar\/sitio\/wp-content\/uploads\/2019\/04\/WhatsApp-Image-2019-04-09-at-7.52.51-AM-1-768x1024.jpeg\" data-src=\"https:\/\/i1.wp.com\/eldiariodesanpedro.com.ar\/sitio\/wp-content\/uploads\/2019\/04\/WhatsApp-Image-2019-04-09-at-7.52.51-AM-1.jpeg?fit=660%2C880\" alt=\"\" data-id=\"50328\" data-link=\"https:\/\/eldiariodesanpedro.com.ar\/sitio\/?attachment_id=50328\" class=\"wp-image-50328 lazyload\" data-srcset=\"https:\/\/eldiariodesanpedro.com.ar\/sitio\/wp-content\/uploads\/2019\/04\/WhatsApp-Image-2019-04-09-at-7.52.51-AM-1.jpeg 780w, https:\/\/eldiariodesanpedro.com.ar\/sitio\/wp-content\/uploads\/2019\/04\/WhatsApp-Image-2019-04-09-at-7.52.51-AM-1-225x300.jpeg 225w, https:\/\/eldiariodesanpedro.com.ar\/sitio\/wp-content\/uploads\/2019\/04\/WhatsApp-Image-2019-04-09-at-7.52.51-AM-1-768x1024.jpeg 768w\" data-sizes=\"(max-width: 780px) 100vw, 780px\" src=\"data:image\/svg+xml;base64,PHN2ZyB3aWR0aD0iMSIgaGVpZ2h0PSIxIiB4bWxucz0iaHR0cDovL3d3dy53My5vcmcvMjAwMC9zdmciPjwvc3ZnPg==\" style=\"--smush-placeholder-width: 780px; --smush-placeholder-aspect-ratio: 780\/1040;\" \/><\/figure><\/li><li class=\"blocks-gallery-item\"><figure><img decoding=\"async\" width=\"780\" height=\"1040\" data-attachment-id=\"50329\" data-permalink=\"https:\/\/eldiariodesanpedro.com.ar\/sitio\/apinta-movilizacion-en-reclamo-a-la-central-de-inta\/whatsapp-image-2019-04-09-at-7-52-51-am-2\/\" data-orig-file=\"https:\/\/eldiariodesanpedro.com.ar\/sitio\/wp-content\/uploads\/2019\/04\/WhatsApp-Image-2019-04-09-at-7.52.51-AM-2.jpeg\" data-orig-size=\"780,1040\" data-comments-opened=\"1\" data-image-meta=\"{&quot;aperture&quot;:&quot;0&quot;,&quot;credit&quot;:&quot;&quot;,&quot;camera&quot;:&quot;&quot;,&quot;caption&quot;:&quot;&quot;,&quot;created_timestamp&quot;:&quot;0&quot;,&quot;copyright&quot;:&quot;&quot;,&quot;focal_length&quot;:&quot;0&quot;,&quot;iso&quot;:&quot;0&quot;,&quot;shutter_speed&quot;:&quot;0&quot;,&quot;title&quot;:&quot;&quot;,&quot;orientation&quot;:&quot;0&quot;}\" data-image-title=\"WhatsApp Image 2019-04-09 at 7.52.51 AM (2)\" data-image-description=\"\" data-image-caption=\"\" data-large-file=\"https:\/\/eldiariodesanpedro.com.ar\/sitio\/wp-content\/uploads\/2019\/04\/WhatsApp-Image-2019-04-09-at-7.52.51-AM-2-768x1024.jpeg\" data-src=\"https:\/\/i1.wp.com\/eldiariodesanpedro.com.ar\/sitio\/wp-content\/uploads\/2019\/04\/WhatsApp-Image-2019-04-09-at-7.52.51-AM-2.jpeg?fit=660%2C880\" alt=\"\" data-id=\"50329\" data-link=\"https:\/\/eldiariodesanpedro.com.ar\/sitio\/?attachment_id=50329\" class=\"wp-image-50329 lazyload\" data-srcset=\"https:\/\/eldiariodesanpedro.com.ar\/sitio\/wp-content\/uploads\/2019\/04\/WhatsApp-Image-2019-04-09-at-7.52.51-AM-2.jpeg 780w, https:\/\/eldiariodesanpedro.com.ar\/sitio\/wp-content\/uploads\/2019\/04\/WhatsApp-Image-2019-04-09-at-7.52.51-AM-2-225x300.jpeg 225w, https:\/\/eldiariodesanpedro.com.ar\/sitio\/wp-content\/uploads\/2019\/04\/WhatsApp-Image-2019-04-09-at-7.52.51-AM-2-768x1024.jpeg 768w\" data-sizes=\"(max-width: 780px) 100vw, 780px\" src=\"data:image\/svg+xml;base64,PHN2ZyB3aWR0aD0iMSIgaGVpZ2h0PSIxIiB4bWxucz0iaHR0cDovL3d3dy53My5vcmcvMjAwMC9zdmciPjwvc3ZnPg==\" style=\"--smush-placeholder-width: 780px; --smush-placeholder-aspect-ratio: 780\/1040;\" \/><\/figure><\/li><li class=\"blocks-gallery-item\"><figure><img decoding=\"async\" width=\"780\" height=\"1040\" data-attachment-id=\"50330\" data-permalink=\"https:\/\/eldiariodesanpedro.com.ar\/sitio\/apinta-movilizacion-en-reclamo-a-la-central-de-inta\/whatsapp-image-2019-04-09-at-7-52-51-am\/\" data-orig-file=\"https:\/\/eldiariodesanpedro.com.ar\/sitio\/wp-content\/uploads\/2019\/04\/WhatsApp-Image-2019-04-09-at-7.52.51-AM.jpeg\" data-orig-size=\"780,1040\" data-comments-opened=\"1\" data-image-meta=\"{&quot;aperture&quot;:&quot;0&quot;,&quot;credit&quot;:&quot;&quot;,&quot;camera&quot;:&quot;&quot;,&quot;caption&quot;:&quot;&quot;,&quot;created_timestamp&quot;:&quot;0&quot;,&quot;copyright&quot;:&quot;&quot;,&quot;focal_length&quot;:&quot;0&quot;,&quot;iso&quot;:&quot;0&quot;,&quot;shutter_speed&quot;:&quot;0&quot;,&quot;title&quot;:&quot;&quot;,&quot;orientation&quot;:&quot;0&quot;}\" data-image-title=\"WhatsApp Image 2019-04-09 at 7.52.51 AM\" data-image-description=\"\" data-image-caption=\"\" data-large-file=\"https:\/\/eldiariodesanpedro.com.ar\/sitio\/wp-content\/uploads\/2019\/04\/WhatsApp-Image-2019-04-09-at-7.52.51-AM-768x1024.jpeg\" data-src=\"https:\/\/i0.wp.com\/eldiariodesanpedro.com.ar\/sitio\/wp-content\/uploads\/2019\/04\/WhatsApp-Image-2019-04-09-at-7.52.51-AM.jpeg?fit=660%2C880\" alt=\"\" data-id=\"50330\" data-link=\"https:\/\/eldiariodesanpedro.com.ar\/sitio\/?attachment_id=50330\" class=\"wp-image-50330 lazyload\" data-srcset=\"https:\/\/eldiariodesanpedro.com.ar\/sitio\/wp-content\/uploads\/2019\/04\/WhatsApp-Image-2019-04-09-at-7.52.51-AM.jpeg 780w, https:\/\/eldiariodesanpedro.com.ar\/sitio\/wp-content\/uploads\/2019\/04\/WhatsApp-Image-2019-04-09-at-7.52.51-AM-225x300.jpeg 225w, https:\/\/eldiariodesanpedro.com.ar\/sitio\/wp-content\/uploads\/2019\/04\/WhatsApp-Image-2019-04-09-at-7.52.51-AM-768x1024.jpeg 768w\" data-sizes=\"(max-width: 780px) 100vw, 780px\" src=\"data:image\/svg+xml;base64,PHN2ZyB3aWR0aD0iMSIgaGVpZ2h0PSIxIiB4bWxucz0iaHR0cDovL3d3dy53My5vcmcvMjAwMC9zdmciPjwvc3ZnPg==\" style=\"--smush-placeholder-width: 780px; --smush-placeholder-aspect-ratio: 780\/1040;\" \/><\/figure><\/li><\/ul>\n","protected":false},"excerpt":{"rendered":"<p>Este lunes 8 del corriente mes, los compa\u00f1eros de la seccional de APINTA San Pedro, junto a otros compa\u00f1eros de distintas seccionales de todo el pa\u00eds, junto al secretariado nacional tambi\u00e9n, se movilizaron hacia las puertas de INTA Central, Capital Federal. INTA (Instituto Nacional de Tecnologia Agropecuaria) es un organismo estatal descentralizado con autarqu\u00eda operativa [&hellip;]<\/p>\n","protected":false},"author":4,"featured_media":50329,"comment_status":"open","ping_status":"closed","sticky":false,"template":"","format":"standard","meta":{"om_disable_all_campaigns":false,"_jetpack_memberships_contains_paid_content":false,"footnotes":""},"categories":[2,102],"tags":[],"class_list":["post-50325","post","type-post","status-publish","format-standard","has-post-thumbnail","hentry","category-locales","category-politica-locales"],"aioseo_notices":[],"gutentor_comment":0,"jetpack_featured_media_url":"https:\/\/eldiariodesanpedro.com.ar\/sitio\/wp-content\/uploads\/2019\/04\/WhatsApp-Image-2019-04-09-at-7.52.51-AM-2.jpeg","jetpack_shortlink":"https:\/\/wp.me\/p6RhLt-d5H","jetpack_sharing_enabled":true,"_links":{"self":[{"href":"https:\/\/eldiariodesanpedro.com.ar\/sitio\/wp-json\/wp\/v2\/posts\/50325","targetHints":{"allow":["GET"]}}],"collection":[{"href":"https:\/\/eldiariodesanpedro.com.ar\/sitio\/wp-json\/wp\/v2\/posts"}],"about":[{"href":"https:\/\/eldiariodesanpedro.com.ar\/sitio\/wp-json\/wp\/v2\/types\/post"}],"author":[{"embeddable":true,"href":"https:\/\/eldiariodesanpedro.com.ar\/sitio\/wp-json\/wp\/v2\/users\/4"}],"replies":[{"embeddable":true,"href":"https:\/\/eldiariodesanpedro.com.ar\/sitio\/wp-json\/wp\/v2\/comments?post=50325"}],"version-history":[{"count":2,"href":"https:\/\/eldiariodesanpedro.com.ar\/sitio\/wp-json\/wp\/v2\/posts\/50325\/revisions"}],"predecessor-version":[{"id":50339,"href":"https:\/\/eldiariodesanpedro.com.ar\/sitio\/wp-json\/wp\/v2\/posts\/50325\/revisions\/50339"}],"wp:featuredmedia":[{"embeddable":true,"href":"https:\/\/eldiariodesanpedro.com.ar\/sitio\/wp-json\/wp\/v2\/media\/50329"}],"wp:attachment":[{"href":"https:\/\/eldiariodesanpedro.com.ar\/sitio\/wp-json\/wp\/v2\/media?parent=50325"}],"wp:term":[{"taxonomy":"category","embeddable":true,"href":"https:\/\/eldiariodesanpedro.com.ar\/sitio\/wp-json\/wp\/v2\/categories?post=50325"},{"taxonomy":"post_tag","embeddable":true,"href":"https:\/\/eldiariodesanpedro.com.ar\/sitio\/wp-json\/wp\/v2\/tags?post=50325"}],"curies":[{"name":"wp","href":"https:\/\/api.w.org\/{rel}","templated":true}]}}