{"id":50319,"date":"2019-04-08T17:21:50","date_gmt":"2019-04-08T20:21:50","guid":{"rendered":"https:\/\/eldiariodesanpedro.com.ar\/sitio\/?p=50319"},"modified":"2019-04-08T17:22:12","modified_gmt":"2019-04-08T20:22:12","slug":"san-nicolas-fracturo-el-brazo-de-una-mujer-a-golpes","status":"publish","type":"post","link":"https:\/\/eldiariodesanpedro.com.ar\/sitio\/san-nicolas-fracturo-el-brazo-de-una-mujer-a-golpes\/","title":{"rendered":"SAN NICOL\u00c1S: Fractur\u00f3 el brazo de una mujer a golpes"},"content":{"rendered":"<!-- VideographyWP Plugin Message: Automatic video embedding prevented by plugin options. -->\n\n<p>\n\nEl sujeto de 59 a\u00f1os y fue aprehendido esta madrugada, alrededor de la 1:00. La polic\u00eda logr\u00f3 interceptarlo en calle Guardias Nacionales y Lavalle.<\/p>\n\n\n\n<p>Momentos antes, en San Lorenzo al 750 aproximadamente, este hombre hab\u00eda amenazado y golpeado a una mujer hasta fracturarle el brazo.<\/p>\n\n\n\n<p>Luego de la agresi\u00f3n, se dio a la fuga.<\/p>\n\n\n\n<p>Afortunadamente fue aprehendido y se encuentra a disposici\u00f3n de la fiscal\u00eda en turno. <\/p>\n\n\n\n<p>Fuente: Diario El Informante<\/p>\n","protected":false},"excerpt":{"rendered":"<p>El sujeto de 59 a\u00f1os y fue aprehendido esta madrugada, alrededor de la 1:00. La polic\u00eda logr\u00f3 interceptarlo en calle Guardias Nacionales y Lavalle. Momentos antes, en San Lorenzo al 750 aproximadamente, este hombre hab\u00eda amenazado y golpeado a una mujer hasta fracturarle el brazo. Luego de la agresi\u00f3n, se dio a la fuga. Afortunadamente [&hellip;]<\/p>\n","protected":false},"author":4,"featured_media":50320,"comment_status":"open","ping_status":"closed","sticky":false,"template":"","format":"standard","meta":{"om_disable_all_campaigns":false,"_jetpack_memberships_contains_paid_content":false,"footnotes":""},"categories":[621],"tags":[],"class_list":["post-50319","post","type-post","status-publish","format-standard","has-post-thumbnail","hentry","category-regionales"],"aioseo_notices":[],"gutentor_comment":0,"jetpack_featured_media_url":"https:\/\/eldiariodesanpedro.com.ar\/sitio\/wp-content\/uploads\/2019\/04\/no_sgo0neq6mm2wzgpg.jpg","jetpack_shortlink":"https:\/\/wp.me\/p6RhLt-d5B","jetpack_sharing_enabled":true,"_links":{"self":[{"href":"https:\/\/eldiariodesanpedro.com.ar\/sitio\/wp-json\/wp\/v2\/posts\/50319","targetHints":{"allow":["GET"]}}],"collection":[{"href":"https:\/\/eldiariodesanpedro.com.ar\/sitio\/wp-json\/wp\/v2\/posts"}],"about":[{"href":"https:\/\/eldiariodesanpedro.com.ar\/sitio\/wp-json\/wp\/v2\/types\/post"}],"author":[{"embeddable":true,"href":"https:\/\/eldiariodesanpedro.com.ar\/sitio\/wp-json\/wp\/v2\/users\/4"}],"replies":[{"embeddable":true,"href":"https:\/\/eldiariodesanpedro.com.ar\/sitio\/wp-json\/wp\/v2\/comments?post=50319"}],"version-history":[{"count":2,"href":"https:\/\/eldiariodesanpedro.com.ar\/sitio\/wp-json\/wp\/v2\/posts\/50319\/revisions"}],"predecessor-version":[{"id":50322,"href":"https:\/\/eldiariodesanpedro.com.ar\/sitio\/wp-json\/wp\/v2\/posts\/50319\/revisions\/50322"}],"wp:featuredmedia":[{"embeddable":true,"href":"https:\/\/eldiariodesanpedro.com.ar\/sitio\/wp-json\/wp\/v2\/media\/50320"}],"wp:attachment":[{"href":"https:\/\/eldiariodesanpedro.com.ar\/sitio\/wp-json\/wp\/v2\/media?parent=50319"}],"wp:term":[{"taxonomy":"category","embeddable":true,"href":"https:\/\/eldiariodesanpedro.com.ar\/sitio\/wp-json\/wp\/v2\/categories?post=50319"},{"taxonomy":"post_tag","embeddable":true,"href":"https:\/\/eldiariodesanpedro.com.ar\/sitio\/wp-json\/wp\/v2\/tags?post=50319"}],"curies":[{"name":"wp","href":"https:\/\/api.w.org\/{rel}","templated":true}]}}