{"id":50316,"date":"2019-04-08T17:20:00","date_gmt":"2019-04-08T20:20:00","guid":{"rendered":"https:\/\/eldiariodesanpedro.com.ar\/sitio\/?p=50316"},"modified":"2019-04-08T17:20:11","modified_gmt":"2019-04-08T20:20:11","slug":"baradero-recuperan-celulares-robados-en-en-la-escuela-berisso-de-baradero","status":"publish","type":"post","link":"https:\/\/eldiariodesanpedro.com.ar\/sitio\/baradero-recuperan-celulares-robados-en-en-la-escuela-berisso-de-baradero\/","title":{"rendered":"BARADERO: Recuperan celulares robados en en la Escuela Berisso de Baradero"},"content":{"rendered":"<!-- VideographyWP Plugin Message: Automatic video embedding prevented by plugin options. -->\n\n<p> Fue tras una serie de allanamientos que se realizaron y que arrojaron resultados positivos. El personal de la comunal pudo ingresar a un domicilio, tras identificar a un sujeto como el autor del hecho. El mismo hab\u00eda vendido parte del bot\u00edn.<\/p>\n\n\n\n<p>Se recuperaron en total 10 de los 20 tel\u00e9fonos que se llevaron de la escuela el pasado mi\u00e9rcoles. Los equipos los sustrajeron de la direcci\u00f3n del colegio. Eran parte del material did\u00e1ctico. Por Tu Radio el Comisario Inspector, Diego Mart\u00ednez, explic\u00f3 que \u201crecibieron una informaci\u00f3n de que un menor de 17 a\u00f1os ofrec\u00eda los tel\u00e9fonos\u201d. Se procedi\u00f3 a allanar un domicilio de Rafael Obligado al 1000, donde se secuestr\u00f3 una mochila con 4 tel\u00e9fonos Samsung J2. Tras reunirse los datos necesarios las diligencias continuaron en dos domicilios m\u00e1s ubicados en calles Te\u00f3lo Rosell al 1000 y Bustamante al 2300. En ambas se incautaron un total de 4 tel\u00e9fonos, 2 en cada vivienda. <\/p>\n\n\n\n<p>Los \u00faltimos dos tel\u00e9fonos se secuestraron en dos domicilios de calle Jujuy. El menor sindicado por el hecho fue notificado de la formaci\u00f3n de una causa por robo. Posteriormente entregado a sus padres.<\/p>\n\n\n\n<p>Fuente: Tu L\u00ednea Directa<\/p>\n","protected":false},"excerpt":{"rendered":"<p>Fue tras una serie de allanamientos que se realizaron y que arrojaron resultados positivos. El personal de la comunal pudo ingresar a un domicilio, tras identificar a un sujeto como el autor del hecho. El mismo hab\u00eda vendido parte del bot\u00edn. Se recuperaron en total 10 de los 20 tel\u00e9fonos que se llevaron de la [&hellip;]<\/p>\n","protected":false},"author":4,"featured_media":50317,"comment_status":"open","ping_status":"closed","sticky":false,"template":"","format":"standard","meta":{"om_disable_all_campaigns":false,"_jetpack_memberships_contains_paid_content":false,"footnotes":""},"categories":[621],"tags":[],"class_list":["post-50316","post","type-post","status-publish","format-standard","has-post-thumbnail","hentry","category-regionales"],"aioseo_notices":[],"gutentor_comment":0,"jetpack_featured_media_url":"https:\/\/eldiariodesanpedro.com.ar\/sitio\/wp-content\/uploads\/2019\/04\/captura_de_pantalla_de_2019-04-08_08-50-34.jpg","jetpack_shortlink":"https:\/\/wp.me\/p6RhLt-d5y","jetpack_sharing_enabled":true,"_links":{"self":[{"href":"https:\/\/eldiariodesanpedro.com.ar\/sitio\/wp-json\/wp\/v2\/posts\/50316","targetHints":{"allow":["GET"]}}],"collection":[{"href":"https:\/\/eldiariodesanpedro.com.ar\/sitio\/wp-json\/wp\/v2\/posts"}],"about":[{"href":"https:\/\/eldiariodesanpedro.com.ar\/sitio\/wp-json\/wp\/v2\/types\/post"}],"author":[{"embeddable":true,"href":"https:\/\/eldiariodesanpedro.com.ar\/sitio\/wp-json\/wp\/v2\/users\/4"}],"replies":[{"embeddable":true,"href":"https:\/\/eldiariodesanpedro.com.ar\/sitio\/wp-json\/wp\/v2\/comments?post=50316"}],"version-history":[{"count":1,"href":"https:\/\/eldiariodesanpedro.com.ar\/sitio\/wp-json\/wp\/v2\/posts\/50316\/revisions"}],"predecessor-version":[{"id":50318,"href":"https:\/\/eldiariodesanpedro.com.ar\/sitio\/wp-json\/wp\/v2\/posts\/50316\/revisions\/50318"}],"wp:featuredmedia":[{"embeddable":true,"href":"https:\/\/eldiariodesanpedro.com.ar\/sitio\/wp-json\/wp\/v2\/media\/50317"}],"wp:attachment":[{"href":"https:\/\/eldiariodesanpedro.com.ar\/sitio\/wp-json\/wp\/v2\/media?parent=50316"}],"wp:term":[{"taxonomy":"category","embeddable":true,"href":"https:\/\/eldiariodesanpedro.com.ar\/sitio\/wp-json\/wp\/v2\/categories?post=50316"},{"taxonomy":"post_tag","embeddable":true,"href":"https:\/\/eldiariodesanpedro.com.ar\/sitio\/wp-json\/wp\/v2\/tags?post=50316"}],"curies":[{"name":"wp","href":"https:\/\/api.w.org\/{rel}","templated":true}]}}