{"id":50313,"date":"2019-04-08T17:16:54","date_gmt":"2019-04-08T20:16:54","guid":{"rendered":"https:\/\/eldiariodesanpedro.com.ar\/sitio\/?p=50313"},"modified":"2019-04-08T17:17:05","modified_gmt":"2019-04-08T20:17:05","slug":"baradero-zoonosis-provincial-realizo-tareas-de-prevencion-y-profilaxis","status":"publish","type":"post","link":"https:\/\/eldiariodesanpedro.com.ar\/sitio\/baradero-zoonosis-provincial-realizo-tareas-de-prevencion-y-profilaxis\/","title":{"rendered":"BARADERO: Zoonosis provincial realiz\u00f3 tareas de prevenci\u00f3n y profilaxis"},"content":{"rendered":"<!-- VideographyWP Plugin Message: Automatic video embedding prevented by plugin options. -->\n\n<p>\n\nTras la muerte de Axel Barreto, se dio intervenci\u00f3n al Ministerio de Salud de la Provincia para informar sobre el caso de hantavirus que caus\u00f3 la muerte del chico de 17 a\u00f1os.<\/p>\n\n\n\n<p>An\u00edbal Gil, inspector de Zoonosis de Azul mantuvo una reuni\u00f3n que mantuvo el jueves por la tarde con las autoridades sanitarias de Baradero.&nbsp;<\/p>\n\n\n\n<p>En la casilla de Defensa Civil se reuni\u00f3 el inspector de Zoonosis, el Director M\u00e9dico del Hospital Dr. Mariano Davio; el jefe de Prefectura Cristian Enrique, la Directora de APS Dra. Eleonora Devivo; el Director de Bromatologia Dr. Heraldo Bogliolo; el Subsecretario de Seguridad Alejandro Messina y el Director de Operaciones de Defensa Civil Oscar Pellegrini. Trataron las tareas de prevenci\u00f3n y profilaxis para ser aplicadas en la ciudad. Posteriormente la comisi\u00f3n se dirigi\u00f3 al domicilio de la familia del chico donde el responsable de Zoonosis hizo una inspecci\u00f3n de lugar con un equipo para detectar si en el lugar hab\u00eda rastros del contagio.<\/p>\n\n\n\n<p>Finalizada la misma An\u00edbal Gil dijo a Tu Radio que \u201cen la vivienda no se encontr\u00f3 ning\u00fan rastro\u201d. De todos modos el informe nal estar\u00e1 en algunos d\u00edas. \u201cSe le dieron las instrucciones a la familia para que se queden tranquilos que no hay riesgo de contagio\u201d, explic\u00f3.<\/p>\n\n\n\n<p>Fuente: Tu Linea Directa<\/p>\n","protected":false},"excerpt":{"rendered":"<p>Tras la muerte de Axel Barreto, se dio intervenci\u00f3n al Ministerio de Salud de la Provincia para informar sobre el caso de hantavirus que caus\u00f3 la muerte del chico de 17 a\u00f1os. An\u00edbal Gil, inspector de Zoonosis de Azul mantuvo una reuni\u00f3n que mantuvo el jueves por la tarde con las autoridades sanitarias de Baradero.&nbsp; [&hellip;]<\/p>\n","protected":false},"author":4,"featured_media":50314,"comment_status":"open","ping_status":"closed","sticky":false,"template":"","format":"standard","meta":{"om_disable_all_campaigns":false,"_jetpack_memberships_contains_paid_content":false,"footnotes":""},"categories":[621],"tags":[],"class_list":["post-50313","post","type-post","status-publish","format-standard","has-post-thumbnail","hentry","category-regionales"],"aioseo_notices":[],"gutentor_comment":0,"jetpack_featured_media_url":"https:\/\/eldiariodesanpedro.com.ar\/sitio\/wp-content\/uploads\/2019\/04\/captura_de_pantalla_de_2019-04-08_08-55-17.jpg","jetpack_shortlink":"https:\/\/wp.me\/p6RhLt-d5v","jetpack_sharing_enabled":true,"_links":{"self":[{"href":"https:\/\/eldiariodesanpedro.com.ar\/sitio\/wp-json\/wp\/v2\/posts\/50313","targetHints":{"allow":["GET"]}}],"collection":[{"href":"https:\/\/eldiariodesanpedro.com.ar\/sitio\/wp-json\/wp\/v2\/posts"}],"about":[{"href":"https:\/\/eldiariodesanpedro.com.ar\/sitio\/wp-json\/wp\/v2\/types\/post"}],"author":[{"embeddable":true,"href":"https:\/\/eldiariodesanpedro.com.ar\/sitio\/wp-json\/wp\/v2\/users\/4"}],"replies":[{"embeddable":true,"href":"https:\/\/eldiariodesanpedro.com.ar\/sitio\/wp-json\/wp\/v2\/comments?post=50313"}],"version-history":[{"count":1,"href":"https:\/\/eldiariodesanpedro.com.ar\/sitio\/wp-json\/wp\/v2\/posts\/50313\/revisions"}],"predecessor-version":[{"id":50315,"href":"https:\/\/eldiariodesanpedro.com.ar\/sitio\/wp-json\/wp\/v2\/posts\/50313\/revisions\/50315"}],"wp:featuredmedia":[{"embeddable":true,"href":"https:\/\/eldiariodesanpedro.com.ar\/sitio\/wp-json\/wp\/v2\/media\/50314"}],"wp:attachment":[{"href":"https:\/\/eldiariodesanpedro.com.ar\/sitio\/wp-json\/wp\/v2\/media?parent=50313"}],"wp:term":[{"taxonomy":"category","embeddable":true,"href":"https:\/\/eldiariodesanpedro.com.ar\/sitio\/wp-json\/wp\/v2\/categories?post=50313"},{"taxonomy":"post_tag","embeddable":true,"href":"https:\/\/eldiariodesanpedro.com.ar\/sitio\/wp-json\/wp\/v2\/tags?post=50313"}],"curies":[{"name":"wp","href":"https:\/\/api.w.org\/{rel}","templated":true}]}}