{"id":50310,"date":"2019-04-08T17:15:10","date_gmt":"2019-04-08T20:15:10","guid":{"rendered":"https:\/\/eldiariodesanpedro.com.ar\/sitio\/?p=50310"},"modified":"2019-04-08T17:15:23","modified_gmt":"2019-04-08T20:15:23","slug":"baradero-un-auto-colisiono-contra-una-vivienda","status":"publish","type":"post","link":"https:\/\/eldiariodesanpedro.com.ar\/sitio\/baradero-un-auto-colisiono-contra-una-vivienda\/","title":{"rendered":"BARADERO: Un auto colision\u00f3 contra una vivienda"},"content":{"rendered":"<!-- VideographyWP Plugin Message: Automatic video embedding prevented by plugin options. -->\n\n<p>\n\nUna conductora transitaba con su veh\u00edculo, un Corsa Rural de color gris oscuro, cuando a ra\u00edz de una descompensaci\u00f3n pierde el control del auto y luego de subir a la vereda impacta contra la pared de una vivienda.<\/p>\n\n\n\n<p>La mujer, que fue trasladad por el SAME al hospital, refiri\u00f3 tener problemas de presi\u00f3n sangu\u00ednea baja y eso habr\u00eda ocasionado el accidente que por suerte no tuvo mayores consecuencias.<\/p>\n\n\n\n<p>Al lugar asistieron, adem\u00e1s de SAME, personal de Bomberos, polic\u00eda e inspecci\u00f3n de tr\u00e1nsito.<\/p>\n\n\n\n<p>Fuente: Baradero Te informa<\/p>\n","protected":false},"excerpt":{"rendered":"<p>Una conductora transitaba con su veh\u00edculo, un Corsa Rural de color gris oscuro, cuando a ra\u00edz de una descompensaci\u00f3n pierde el control del auto y luego de subir a la vereda impacta contra la pared de una vivienda. La mujer, que fue trasladad por el SAME al hospital, refiri\u00f3 tener problemas de presi\u00f3n sangu\u00ednea baja [&hellip;]<\/p>\n","protected":false},"author":4,"featured_media":50311,"comment_status":"open","ping_status":"closed","sticky":false,"template":"","format":"standard","meta":{"om_disable_all_campaigns":false,"_jetpack_memberships_contains_paid_content":false,"footnotes":""},"categories":[621],"tags":[],"class_list":["post-50310","post","type-post","status-publish","format-standard","has-post-thumbnail","hentry","category-regionales"],"aioseo_notices":[],"gutentor_comment":0,"jetpack_featured_media_url":"https:\/\/eldiariodesanpedro.com.ar\/sitio\/wp-content\/uploads\/2019\/04\/img_6490-copy.jpg","jetpack_shortlink":"https:\/\/wp.me\/p6RhLt-d5s","jetpack_sharing_enabled":true,"_links":{"self":[{"href":"https:\/\/eldiariodesanpedro.com.ar\/sitio\/wp-json\/wp\/v2\/posts\/50310","targetHints":{"allow":["GET"]}}],"collection":[{"href":"https:\/\/eldiariodesanpedro.com.ar\/sitio\/wp-json\/wp\/v2\/posts"}],"about":[{"href":"https:\/\/eldiariodesanpedro.com.ar\/sitio\/wp-json\/wp\/v2\/types\/post"}],"author":[{"embeddable":true,"href":"https:\/\/eldiariodesanpedro.com.ar\/sitio\/wp-json\/wp\/v2\/users\/4"}],"replies":[{"embeddable":true,"href":"https:\/\/eldiariodesanpedro.com.ar\/sitio\/wp-json\/wp\/v2\/comments?post=50310"}],"version-history":[{"count":1,"href":"https:\/\/eldiariodesanpedro.com.ar\/sitio\/wp-json\/wp\/v2\/posts\/50310\/revisions"}],"predecessor-version":[{"id":50312,"href":"https:\/\/eldiariodesanpedro.com.ar\/sitio\/wp-json\/wp\/v2\/posts\/50310\/revisions\/50312"}],"wp:featuredmedia":[{"embeddable":true,"href":"https:\/\/eldiariodesanpedro.com.ar\/sitio\/wp-json\/wp\/v2\/media\/50311"}],"wp:attachment":[{"href":"https:\/\/eldiariodesanpedro.com.ar\/sitio\/wp-json\/wp\/v2\/media?parent=50310"}],"wp:term":[{"taxonomy":"category","embeddable":true,"href":"https:\/\/eldiariodesanpedro.com.ar\/sitio\/wp-json\/wp\/v2\/categories?post=50310"},{"taxonomy":"post_tag","embeddable":true,"href":"https:\/\/eldiariodesanpedro.com.ar\/sitio\/wp-json\/wp\/v2\/tags?post=50310"}],"curies":[{"name":"wp","href":"https:\/\/api.w.org\/{rel}","templated":true}]}}