{"id":50307,"date":"2019-04-08T17:11:33","date_gmt":"2019-04-08T20:11:33","guid":{"rendered":"https:\/\/eldiariodesanpedro.com.ar\/sitio\/?p=50307"},"modified":"2019-04-08T17:11:44","modified_gmt":"2019-04-08T20:11:44","slug":"arrecifes-incendio-destruyo-por-completo-una-vivienda","status":"publish","type":"post","link":"https:\/\/eldiariodesanpedro.com.ar\/sitio\/arrecifes-incendio-destruyo-por-completo-una-vivienda\/","title":{"rendered":"ARRECIFES: Incendio destruy\u00f3 por completo una vivienda"},"content":{"rendered":"<!-- VideographyWP Plugin Message: Automatic video embedding prevented by plugin options. -->\n\n<p>Exactamente a las 14:29 de este domingo se recibi\u00f3 el llamado en el Cuartel de Bomberos Voluntarios y apenas dos minutos despu\u00e9s, 14:31, sali\u00f3 la primera autobomba.<\/p>\n\n\n\n<p>La premura de los bomberos no fue suficiente para evitar un incendio de gran magnitud que se produjo en una vivienda ubicada en calle Kennedy 879, casi esquina C\u00f3rdoba, en barrio Palermo camino a El Lago.<\/p>\n\n\n\n<p>La furia del fuego hizo un desastre. Las p\u00e9rdidas fueron totales, con las llamas alcanzando absolutamente todos los ambientes de la casa: habitaci\u00f3n, living, cocina, ba\u00f1o\u2026 Hasta dos motos que hab\u00eda en el lugar se quemaron por completo.<\/p>\n\n\n\n<p>Una se\u00f1ora que se encontraba como \u00fanica ocupante de la vivienda en ese momento, fue trasladada al Hospital Municipal con principio de intoxicaci\u00f3n, siendo atendida y quedando internada por unas horas.<\/p>\n\n\n\n<p>Lamentablemente, la familia perdi\u00f3 todo, literalmente.<\/p>\n\n\n\n<p>Fuente: Arrecifes Noticias<\/p>\n","protected":false},"excerpt":{"rendered":"<p>Exactamente a las 14:29 de este domingo se recibi\u00f3 el llamado en el Cuartel de Bomberos Voluntarios y apenas dos minutos despu\u00e9s, 14:31, sali\u00f3 la primera autobomba. La premura de los bomberos no fue suficiente para evitar un incendio de gran magnitud que se produjo en una vivienda ubicada en calle Kennedy 879, casi esquina [&hellip;]<\/p>\n","protected":false},"author":4,"featured_media":50308,"comment_status":"open","ping_status":"closed","sticky":false,"template":"","format":"standard","meta":{"om_disable_all_campaigns":false,"_jetpack_memberships_contains_paid_content":false,"footnotes":""},"categories":[621],"tags":[],"class_list":["post-50307","post","type-post","status-publish","format-standard","has-post-thumbnail","hentry","category-regionales"],"aioseo_notices":[],"gutentor_comment":0,"jetpack_featured_media_url":"https:\/\/eldiariodesanpedro.com.ar\/sitio\/wp-content\/uploads\/2019\/04\/incendio_8.jpg","jetpack_shortlink":"https:\/\/wp.me\/p6RhLt-d5p","jetpack_sharing_enabled":true,"_links":{"self":[{"href":"https:\/\/eldiariodesanpedro.com.ar\/sitio\/wp-json\/wp\/v2\/posts\/50307","targetHints":{"allow":["GET"]}}],"collection":[{"href":"https:\/\/eldiariodesanpedro.com.ar\/sitio\/wp-json\/wp\/v2\/posts"}],"about":[{"href":"https:\/\/eldiariodesanpedro.com.ar\/sitio\/wp-json\/wp\/v2\/types\/post"}],"author":[{"embeddable":true,"href":"https:\/\/eldiariodesanpedro.com.ar\/sitio\/wp-json\/wp\/v2\/users\/4"}],"replies":[{"embeddable":true,"href":"https:\/\/eldiariodesanpedro.com.ar\/sitio\/wp-json\/wp\/v2\/comments?post=50307"}],"version-history":[{"count":1,"href":"https:\/\/eldiariodesanpedro.com.ar\/sitio\/wp-json\/wp\/v2\/posts\/50307\/revisions"}],"predecessor-version":[{"id":50309,"href":"https:\/\/eldiariodesanpedro.com.ar\/sitio\/wp-json\/wp\/v2\/posts\/50307\/revisions\/50309"}],"wp:featuredmedia":[{"embeddable":true,"href":"https:\/\/eldiariodesanpedro.com.ar\/sitio\/wp-json\/wp\/v2\/media\/50308"}],"wp:attachment":[{"href":"https:\/\/eldiariodesanpedro.com.ar\/sitio\/wp-json\/wp\/v2\/media?parent=50307"}],"wp:term":[{"taxonomy":"category","embeddable":true,"href":"https:\/\/eldiariodesanpedro.com.ar\/sitio\/wp-json\/wp\/v2\/categories?post=50307"},{"taxonomy":"post_tag","embeddable":true,"href":"https:\/\/eldiariodesanpedro.com.ar\/sitio\/wp-json\/wp\/v2\/tags?post=50307"}],"curies":[{"name":"wp","href":"https:\/\/api.w.org\/{rel}","templated":true}]}}