{"id":50304,"date":"2019-04-08T17:09:11","date_gmt":"2019-04-08T20:09:11","guid":{"rendered":"https:\/\/eldiariodesanpedro.com.ar\/sitio\/?p=50304"},"modified":"2019-04-08T17:09:23","modified_gmt":"2019-04-08T20:09:23","slug":"zarate-finalizo-la-busqueda-de-magali-fue-encontrada-en-zarate","status":"publish","type":"post","link":"https:\/\/eldiariodesanpedro.com.ar\/sitio\/zarate-finalizo-la-busqueda-de-magali-fue-encontrada-en-zarate\/","title":{"rendered":"Z\u00c1RATE: Finaliz\u00f3 la b\u00fasqueda de Magali fue encontrada en Z\u00e1rate"},"content":{"rendered":"<!-- VideographyWP Plugin Message: Automatic video embedding prevented by plugin options. -->\n\n<p>Magali Melgar se fue de se casa en Baradero desde el martes pasado en horas de la tarde, desde entonces sus familiares con las fuerzas de seguridad activaron el protocolo de b\u00fasqueda.<\/p>\n\n\n\n<p>Lo confirm\u00f3 la intendenta de Baradero Antonijevic en su cuenta de Facebook:<\/p>\n\n\n\n<p>\u201cGracias al trabajo de polic\u00eda, Magal\u00ed fue encontrada en Z\u00e1rate, y se encuentra bien.<\/p>\n\n\n\n<p>\u00abAgradecemos a quienes aportaron datos\u201d.<\/p>\n\n\n\n<p>Desde ayer \u00a0d\u00e1bamos cuenta que la investigaci\u00f3n segu\u00eda realiz\u00e1ndose \u00a0en \u00a0Lima y Z\u00e1rate gracias a datos aportados por testigos.<\/p>\n\n\n\n<p>Fuente: Z\u00e1rate Alerta<\/p>\n","protected":false},"excerpt":{"rendered":"<p>Magali Melgar se fue de se casa en Baradero desde el martes pasado en horas de la tarde, desde entonces sus familiares con las fuerzas de seguridad activaron el protocolo de b\u00fasqueda. Lo confirm\u00f3 la intendenta de Baradero Antonijevic en su cuenta de Facebook: \u201cGracias al trabajo de polic\u00eda, Magal\u00ed fue encontrada en Z\u00e1rate, y [&hellip;]<\/p>\n","protected":false},"author":4,"featured_media":50305,"comment_status":"open","ping_status":"closed","sticky":false,"template":"","format":"standard","meta":{"om_disable_all_campaigns":false,"_jetpack_memberships_contains_paid_content":false,"footnotes":""},"categories":[621],"tags":[],"class_list":["post-50304","post","type-post","status-publish","format-standard","has-post-thumbnail","hentry","category-regionales"],"aioseo_notices":[],"gutentor_comment":0,"jetpack_featured_media_url":"https:\/\/eldiariodesanpedro.com.ar\/sitio\/wp-content\/uploads\/2019\/04\/56842770_273988976860815_8001862842288439296_n-2.jpg","jetpack_shortlink":"https:\/\/wp.me\/p6RhLt-d5m","jetpack_sharing_enabled":true,"_links":{"self":[{"href":"https:\/\/eldiariodesanpedro.com.ar\/sitio\/wp-json\/wp\/v2\/posts\/50304","targetHints":{"allow":["GET"]}}],"collection":[{"href":"https:\/\/eldiariodesanpedro.com.ar\/sitio\/wp-json\/wp\/v2\/posts"}],"about":[{"href":"https:\/\/eldiariodesanpedro.com.ar\/sitio\/wp-json\/wp\/v2\/types\/post"}],"author":[{"embeddable":true,"href":"https:\/\/eldiariodesanpedro.com.ar\/sitio\/wp-json\/wp\/v2\/users\/4"}],"replies":[{"embeddable":true,"href":"https:\/\/eldiariodesanpedro.com.ar\/sitio\/wp-json\/wp\/v2\/comments?post=50304"}],"version-history":[{"count":1,"href":"https:\/\/eldiariodesanpedro.com.ar\/sitio\/wp-json\/wp\/v2\/posts\/50304\/revisions"}],"predecessor-version":[{"id":50306,"href":"https:\/\/eldiariodesanpedro.com.ar\/sitio\/wp-json\/wp\/v2\/posts\/50304\/revisions\/50306"}],"wp:featuredmedia":[{"embeddable":true,"href":"https:\/\/eldiariodesanpedro.com.ar\/sitio\/wp-json\/wp\/v2\/media\/50305"}],"wp:attachment":[{"href":"https:\/\/eldiariodesanpedro.com.ar\/sitio\/wp-json\/wp\/v2\/media?parent=50304"}],"wp:term":[{"taxonomy":"category","embeddable":true,"href":"https:\/\/eldiariodesanpedro.com.ar\/sitio\/wp-json\/wp\/v2\/categories?post=50304"},{"taxonomy":"post_tag","embeddable":true,"href":"https:\/\/eldiariodesanpedro.com.ar\/sitio\/wp-json\/wp\/v2\/tags?post=50304"}],"curies":[{"name":"wp","href":"https:\/\/api.w.org\/{rel}","templated":true}]}}