{"id":50301,"date":"2019-04-08T17:04:39","date_gmt":"2019-04-08T20:04:39","guid":{"rendered":"https:\/\/eldiariodesanpedro.com.ar\/sitio\/?p=50301"},"modified":"2019-04-08T17:04:51","modified_gmt":"2019-04-08T20:04:51","slug":"zarate-una-mujer-denuncio-a-un-efectivo-de-gendarmeria","status":"publish","type":"post","link":"https:\/\/eldiariodesanpedro.com.ar\/sitio\/zarate-una-mujer-denuncio-a-un-efectivo-de-gendarmeria\/","title":{"rendered":"Z\u00c1RATE: Una mujer denunci\u00f3 a un efectivo de Gendarmer\u00eda"},"content":{"rendered":"<!-- VideographyWP Plugin Message: Automatic video embedding prevented by plugin options. -->\n\n<p>Una mujer de 25 a\u00f1os, radic\u00f3 denuncia en contra de su pareja, un funcionario de Gendarmer\u00eda Nacional de 26 a\u00f1os, quien en la actualidad presta funciones en Z\u00e1rate.<\/p>\n\n\n\n<p>La pareja conviv\u00eda con una hija en com\u00fan, en la ciudad de Z\u00e1rate, y la victima decidi\u00f3 abandonar el hogar cansada de ser maltratada f\u00edsica y psicol\u00f3gicamente, seg\u00fan denunci\u00f3.<\/p>\n\n\n\n<p>Angustiada, la mujer relat\u00f3 que desde hace cuatro a\u00f1os que se encontraba en concubinato con el acusado, y que tienen una hija de dos a\u00f1os, y que a los pocos meses de convivir en pareja, comenzaron los conflictos, y era sometida a golpizas y agresiones verbales.<\/p>\n\n\n\n<p>Manifest\u00f3 que no radic\u00f3 denuncia anteriormente, por temor, ya que no ten\u00eda familia cerca y, adem\u00e1s, \u201cno quer\u00eda perjudicarlo en el trabajo\u201d sostuvo en su relato. La joven decidi\u00f3 abandonar el lugar y dirigirse a su provincia natal, Santiago del Estero, al domicilio de sus familiares.<\/p>\n\n\n\n<p>Consultada sobre la situaci\u00f3n, la fiscal de A\u00f1atuya, Santiago del Estero, Dra. Mar\u00eda Cecilia R\u00edmini, dispuso que se arbitren los medios para notificar al denunciado de medidas restrictivas, ya que la v\u00edctima expuso que teme que el sujeto la venga a buscar.<\/p>\n\n\n\n<p>Para conocer sobre el lugar de trabajo del gendarme, personal policial se constituy\u00f3 en el Destacamento de Seguridad Vial en Pinto (Santiago del Estero) de Gendarmer\u00eda Nacional, donde el responsable de la secci\u00f3n brind\u00f3 todos los datos que requer\u00eda la Fiscal\u00eda.<\/p>\n\n\n\n<p>Se estableci\u00f3 que el acusado presta servicios en el Escuadr\u00f3n de Seguridad \u201cZ\u00e1rate Brazo Largo\u201d, por lo que v\u00eda telef\u00f3nica se comunicaron con la superioridad del lugar, para notificar de la resoluci\u00f3n judicial. Los jefes inmediatos del gendarme acusado, se pusieron a disposici\u00f3n por cualquier inquietud sobre el expediente judicial.<\/p>\n\n\n\n<p>FUENTE: El Liberal<\/p>\n","protected":false},"excerpt":{"rendered":"<p>Una mujer de 25 a\u00f1os, radic\u00f3 denuncia en contra de su pareja, un funcionario de Gendarmer\u00eda Nacional de 26 a\u00f1os, quien en la actualidad presta funciones en Z\u00e1rate. La pareja conviv\u00eda con una hija en com\u00fan, en la ciudad de Z\u00e1rate, y la victima decidi\u00f3 abandonar el hogar cansada de ser maltratada f\u00edsica y psicol\u00f3gicamente, [&hellip;]<\/p>\n","protected":false},"author":4,"featured_media":50302,"comment_status":"open","ping_status":"closed","sticky":false,"template":"","format":"standard","meta":{"om_disable_all_campaigns":false,"_jetpack_memberships_contains_paid_content":false,"footnotes":""},"categories":[621],"tags":[],"class_list":["post-50301","post","type-post","status-publish","format-standard","has-post-thumbnail","hentry","category-regionales"],"aioseo_notices":[],"gutentor_comment":0,"jetpack_featured_media_url":"https:\/\/eldiariodesanpedro.com.ar\/sitio\/wp-content\/uploads\/2019\/04\/gendarmwei.jpg","jetpack_shortlink":"https:\/\/wp.me\/p6RhLt-d5j","jetpack_sharing_enabled":true,"_links":{"self":[{"href":"https:\/\/eldiariodesanpedro.com.ar\/sitio\/wp-json\/wp\/v2\/posts\/50301","targetHints":{"allow":["GET"]}}],"collection":[{"href":"https:\/\/eldiariodesanpedro.com.ar\/sitio\/wp-json\/wp\/v2\/posts"}],"about":[{"href":"https:\/\/eldiariodesanpedro.com.ar\/sitio\/wp-json\/wp\/v2\/types\/post"}],"author":[{"embeddable":true,"href":"https:\/\/eldiariodesanpedro.com.ar\/sitio\/wp-json\/wp\/v2\/users\/4"}],"replies":[{"embeddable":true,"href":"https:\/\/eldiariodesanpedro.com.ar\/sitio\/wp-json\/wp\/v2\/comments?post=50301"}],"version-history":[{"count":1,"href":"https:\/\/eldiariodesanpedro.com.ar\/sitio\/wp-json\/wp\/v2\/posts\/50301\/revisions"}],"predecessor-version":[{"id":50303,"href":"https:\/\/eldiariodesanpedro.com.ar\/sitio\/wp-json\/wp\/v2\/posts\/50301\/revisions\/50303"}],"wp:featuredmedia":[{"embeddable":true,"href":"https:\/\/eldiariodesanpedro.com.ar\/sitio\/wp-json\/wp\/v2\/media\/50302"}],"wp:attachment":[{"href":"https:\/\/eldiariodesanpedro.com.ar\/sitio\/wp-json\/wp\/v2\/media?parent=50301"}],"wp:term":[{"taxonomy":"category","embeddable":true,"href":"https:\/\/eldiariodesanpedro.com.ar\/sitio\/wp-json\/wp\/v2\/categories?post=50301"},{"taxonomy":"post_tag","embeddable":true,"href":"https:\/\/eldiariodesanpedro.com.ar\/sitio\/wp-json\/wp\/v2\/tags?post=50301"}],"curies":[{"name":"wp","href":"https:\/\/api.w.org\/{rel}","templated":true}]}}