{"id":50257,"date":"2019-04-07T18:00:23","date_gmt":"2019-04-07T21:00:23","guid":{"rendered":"https:\/\/eldiariodesanpedro.com.ar\/sitio\/?p=50257"},"modified":"2019-04-07T18:00:23","modified_gmt":"2019-04-07T21:00:23","slug":"escobar-licencia-de-conducir-expres-ahora-se-puede-tramitar-y-retirar-en-el-dia","status":"publish","type":"post","link":"https:\/\/eldiariodesanpedro.com.ar\/sitio\/escobar-licencia-de-conducir-expres-ahora-se-puede-tramitar-y-retirar-en-el-dia\/","title":{"rendered":"ESCOBAR: Licencia de conducir expr\u00e9s, ahora se puede tramitar y retirar en el d\u00eda"},"content":{"rendered":"<!-- VideographyWP Plugin Message: Automatic video embedding prevented by plugin options. -->\n\n<p>\n\nDesde esta semana, la Municipalidad puso en marcha una nueva modalidad para la emisi\u00f3n de licencias de conducir, que permite a los aspirantes obtener el registro el mismo d\u00eda que realizan su tr\u00e1mite, tanto en la oficina de Bel\u00e9n de Escobar como en la de Gar\u00edn. As\u00ed, quienes se acerquen a efectuar los ex\u00e1menes m\u00e9dicos y la prueba de manejo, podr\u00e1n retirarse con su licencia en mano unas horas despu\u00e9s.<\/p>\n\n\n\n<p>Aquellos interesados en este nuevo servicio, deber\u00e1n solicitar su turno para la franja horaria de 8 a 11:30 y tendr\u00e1n la posibilidad de&nbsp;retirar su licencia de 13 a 15, o bien, los d\u00edas subsiguientes de 8 a 15. El turno se asigna a trav\u00e9s de la aplicaci\u00f3n digital Escobar Florece o la web del Municipio&nbsp;www.escobar.gob.ar.<\/p>\n\n\n\n<p>Por su parte, la atenci\u00f3n en Bel\u00e9n de Escobar para la realizaci\u00f3n del curso te\u00f3rico volver\u00e1 a estar unificada, a partir del pr\u00f3ximo lunes, en el edificio de la Direcci\u00f3n General de Educaci\u00f3n, ubicado en Tapia de Cruz 1280. Con turno previo, los aspirantes deber\u00e1n traer su DNI con domicilio en el partido de Escobar, junto con una fotocopia y el comprobante de su grupo sangu\u00edneo. Los menores de 18 a\u00f1os, tienen que contar con la autorizaci\u00f3n del padre y de la madre, certificada por un escribano. Por dudas o consultas, se puede escribir al correoprincipiantesescobar@gmail.com.<\/p>\n\n\n\n<p>Fuente: Escobar News<\/p>\n","protected":false},"excerpt":{"rendered":"<p>Desde esta semana, la Municipalidad puso en marcha una nueva modalidad para la emisi\u00f3n de licencias de conducir, que permite a los aspirantes obtener el registro el mismo d\u00eda que realizan su tr\u00e1mite, tanto en la oficina de Bel\u00e9n de Escobar como en la de Gar\u00edn. As\u00ed, quienes se acerquen a efectuar los ex\u00e1menes m\u00e9dicos [&hellip;]<\/p>\n","protected":false},"author":4,"featured_media":50258,"comment_status":"open","ping_status":"closed","sticky":false,"template":"","format":"standard","meta":{"om_disable_all_campaigns":false,"_jetpack_memberships_contains_paid_content":false,"footnotes":""},"categories":[621],"tags":[],"class_list":["post-50257","post","type-post","status-publish","format-standard","has-post-thumbnail","hentry","category-regionales"],"aioseo_notices":[],"gutentor_comment":0,"jetpack_featured_media_url":"https:\/\/eldiariodesanpedro.com.ar\/sitio\/wp-content\/uploads\/2019\/04\/tramite-licencia-800x533.jpg","jetpack_shortlink":"https:\/\/wp.me\/p6RhLt-d4B","jetpack_sharing_enabled":true,"_links":{"self":[{"href":"https:\/\/eldiariodesanpedro.com.ar\/sitio\/wp-json\/wp\/v2\/posts\/50257","targetHints":{"allow":["GET"]}}],"collection":[{"href":"https:\/\/eldiariodesanpedro.com.ar\/sitio\/wp-json\/wp\/v2\/posts"}],"about":[{"href":"https:\/\/eldiariodesanpedro.com.ar\/sitio\/wp-json\/wp\/v2\/types\/post"}],"author":[{"embeddable":true,"href":"https:\/\/eldiariodesanpedro.com.ar\/sitio\/wp-json\/wp\/v2\/users\/4"}],"replies":[{"embeddable":true,"href":"https:\/\/eldiariodesanpedro.com.ar\/sitio\/wp-json\/wp\/v2\/comments?post=50257"}],"version-history":[{"count":1,"href":"https:\/\/eldiariodesanpedro.com.ar\/sitio\/wp-json\/wp\/v2\/posts\/50257\/revisions"}],"predecessor-version":[{"id":50259,"href":"https:\/\/eldiariodesanpedro.com.ar\/sitio\/wp-json\/wp\/v2\/posts\/50257\/revisions\/50259"}],"wp:featuredmedia":[{"embeddable":true,"href":"https:\/\/eldiariodesanpedro.com.ar\/sitio\/wp-json\/wp\/v2\/media\/50258"}],"wp:attachment":[{"href":"https:\/\/eldiariodesanpedro.com.ar\/sitio\/wp-json\/wp\/v2\/media?parent=50257"}],"wp:term":[{"taxonomy":"category","embeddable":true,"href":"https:\/\/eldiariodesanpedro.com.ar\/sitio\/wp-json\/wp\/v2\/categories?post=50257"},{"taxonomy":"post_tag","embeddable":true,"href":"https:\/\/eldiariodesanpedro.com.ar\/sitio\/wp-json\/wp\/v2\/tags?post=50257"}],"curies":[{"name":"wp","href":"https:\/\/api.w.org\/{rel}","templated":true}]}}