{"id":50254,"date":"2019-04-07T17:58:18","date_gmt":"2019-04-07T20:58:18","guid":{"rendered":"https:\/\/eldiariodesanpedro.com.ar\/sitio\/?p=50254"},"modified":"2019-04-07T17:58:30","modified_gmt":"2019-04-07T20:58:30","slug":"campana-un-auto-volco-en-la-ruta-6","status":"publish","type":"post","link":"https:\/\/eldiariodesanpedro.com.ar\/sitio\/campana-un-auto-volco-en-la-ruta-6\/","title":{"rendered":"CAMPANA: Un auto volc\u00f3 en la Ruta 6"},"content":{"rendered":"<!-- VideographyWP Plugin Message: Automatic video embedding prevented by plugin options. -->\n\n<p>\n\nEl veh\u00edculo perdi\u00f3 el control y termin\u00f3 en la zanja que divide ambas manos de la autov\u00eda. Una ambulancia lo traslad\u00f3 al Hospital. Defensa Civil y Polic\u00eda trabajaron en el lugar.<\/p>\n\n\n\n<p>Un auto perdi\u00f3 el control y termin\u00f3 volcando en la Ruta 6, a la altura del barrio Los Pioneros, donde lamentablemente este tipo de accidentes son frecuentes.<\/p>\n\n\n\n<p>En el Fiat Uno, perteneciente a una empresa de control de plagas, circulaba Oscar Alfredo Flores, quien por causas no determinadas, no pudo controlar el veh\u00edculo y termin\u00f3 despistando, cayendo en la zanja formada en medio de ambas manos de la ruta.<\/p>\n\n\n\n<p>Debido a los golpes sufridos, debi\u00f3 ser trasladado al Hospital. En el lugar, personal policial y Defensa Civil trabajaron para asegurar la zona e intentar evitar nuevos accidentes. Algo que parece dif\u00edcil, si hablamos de la Ruta 6<\/p>\n\n\n\n<p>Fuente: Campana Noticias<\/p>\n","protected":false},"excerpt":{"rendered":"<p>El veh\u00edculo perdi\u00f3 el control y termin\u00f3 en la zanja que divide ambas manos de la autov\u00eda. Una ambulancia lo traslad\u00f3 al Hospital. Defensa Civil y Polic\u00eda trabajaron en el lugar. Un auto perdi\u00f3 el control y termin\u00f3 volcando en la Ruta 6, a la altura del barrio Los Pioneros, donde lamentablemente este tipo de [&hellip;]<\/p>\n","protected":false},"author":4,"featured_media":50255,"comment_status":"open","ping_status":"closed","sticky":false,"template":"","format":"standard","meta":{"om_disable_all_campaigns":false,"_jetpack_memberships_contains_paid_content":false,"footnotes":""},"categories":[621],"tags":[],"class_list":["post-50254","post","type-post","status-publish","format-standard","has-post-thumbnail","hentry","category-regionales"],"aioseo_notices":[],"gutentor_comment":0,"jetpack_featured_media_url":"https:\/\/eldiariodesanpedro.com.ar\/sitio\/wp-content\/uploads\/2019\/04\/20190407102130.jpg","jetpack_shortlink":"https:\/\/wp.me\/p6RhLt-d4y","jetpack_sharing_enabled":true,"_links":{"self":[{"href":"https:\/\/eldiariodesanpedro.com.ar\/sitio\/wp-json\/wp\/v2\/posts\/50254","targetHints":{"allow":["GET"]}}],"collection":[{"href":"https:\/\/eldiariodesanpedro.com.ar\/sitio\/wp-json\/wp\/v2\/posts"}],"about":[{"href":"https:\/\/eldiariodesanpedro.com.ar\/sitio\/wp-json\/wp\/v2\/types\/post"}],"author":[{"embeddable":true,"href":"https:\/\/eldiariodesanpedro.com.ar\/sitio\/wp-json\/wp\/v2\/users\/4"}],"replies":[{"embeddable":true,"href":"https:\/\/eldiariodesanpedro.com.ar\/sitio\/wp-json\/wp\/v2\/comments?post=50254"}],"version-history":[{"count":1,"href":"https:\/\/eldiariodesanpedro.com.ar\/sitio\/wp-json\/wp\/v2\/posts\/50254\/revisions"}],"predecessor-version":[{"id":50256,"href":"https:\/\/eldiariodesanpedro.com.ar\/sitio\/wp-json\/wp\/v2\/posts\/50254\/revisions\/50256"}],"wp:featuredmedia":[{"embeddable":true,"href":"https:\/\/eldiariodesanpedro.com.ar\/sitio\/wp-json\/wp\/v2\/media\/50255"}],"wp:attachment":[{"href":"https:\/\/eldiariodesanpedro.com.ar\/sitio\/wp-json\/wp\/v2\/media?parent=50254"}],"wp:term":[{"taxonomy":"category","embeddable":true,"href":"https:\/\/eldiariodesanpedro.com.ar\/sitio\/wp-json\/wp\/v2\/categories?post=50254"},{"taxonomy":"post_tag","embeddable":true,"href":"https:\/\/eldiariodesanpedro.com.ar\/sitio\/wp-json\/wp\/v2\/tags?post=50254"}],"curies":[{"name":"wp","href":"https:\/\/api.w.org\/{rel}","templated":true}]}}