{"id":50247,"date":"2019-04-07T17:29:11","date_gmt":"2019-04-07T20:29:11","guid":{"rendered":"https:\/\/eldiariodesanpedro.com.ar\/sitio\/?p=50247"},"modified":"2019-04-07T17:31:08","modified_gmt":"2019-04-07T20:31:08","slug":"un-aprehendido-por-violencia-de-genero-3","status":"publish","type":"post","link":"https:\/\/eldiariodesanpedro.com.ar\/sitio\/un-aprehendido-por-violencia-de-genero-3\/","title":{"rendered":"Un aprehendido por violencia de g\u00e9nero"},"content":{"rendered":"<!-- VideographyWP Plugin Message: Automatic video embedding prevented by plugin options. -->\n\n<p>En la madrugada de este domingo el\u00a0 personal Comisar\u00eda alertada 911 en Pellegrini al 900, aprehenden a masculino oriundo de bolivia de 27 a\u00f1os, quien momentos antes ra\u00edz discusi\u00f3n agredi\u00f3 f\u00edsicamente a pareja femenina de 28 a\u00f1os de misma procedencia,\u00a0 mismo domicilio, v\u00edctima asistida nosocomio local lesiones leves. <\/p>\n\n\n\n<p>Intervenci\u00f3n UFI 5 San Pedro. Agresor alojado. <\/p>\n","protected":false},"excerpt":{"rendered":"<p>En la madrugada de este domingo el\u00a0 personal Comisar\u00eda alertada 911 en Pellegrini al 900, aprehenden a masculino oriundo de bolivia de 27 a\u00f1os, quien momentos antes ra\u00edz discusi\u00f3n agredi\u00f3 f\u00edsicamente a pareja femenina de 28 a\u00f1os de misma procedencia,\u00a0 mismo domicilio, v\u00edctima asistida nosocomio local lesiones leves. Intervenci\u00f3n UFI 5 San Pedro. Agresor alojado.<\/p>\n","protected":false},"author":4,"featured_media":47762,"comment_status":"open","ping_status":"closed","sticky":false,"template":"","format":"standard","meta":{"om_disable_all_campaigns":false,"_jetpack_memberships_contains_paid_content":false,"footnotes":""},"categories":[2,103],"tags":[],"class_list":["post-50247","post","type-post","status-publish","format-standard","has-post-thumbnail","hentry","category-locales","category-policiales-locales"],"aioseo_notices":[],"gutentor_comment":1,"jetpack_featured_media_url":"https:\/\/eldiariodesanpedro.com.ar\/sitio\/wp-content\/uploads\/2019\/02\/violencia-1.jpg","jetpack_shortlink":"https:\/\/wp.me\/p6RhLt-d4r","jetpack_sharing_enabled":true,"_links":{"self":[{"href":"https:\/\/eldiariodesanpedro.com.ar\/sitio\/wp-json\/wp\/v2\/posts\/50247","targetHints":{"allow":["GET"]}}],"collection":[{"href":"https:\/\/eldiariodesanpedro.com.ar\/sitio\/wp-json\/wp\/v2\/posts"}],"about":[{"href":"https:\/\/eldiariodesanpedro.com.ar\/sitio\/wp-json\/wp\/v2\/types\/post"}],"author":[{"embeddable":true,"href":"https:\/\/eldiariodesanpedro.com.ar\/sitio\/wp-json\/wp\/v2\/users\/4"}],"replies":[{"embeddable":true,"href":"https:\/\/eldiariodesanpedro.com.ar\/sitio\/wp-json\/wp\/v2\/comments?post=50247"}],"version-history":[{"count":2,"href":"https:\/\/eldiariodesanpedro.com.ar\/sitio\/wp-json\/wp\/v2\/posts\/50247\/revisions"}],"predecessor-version":[{"id":50249,"href":"https:\/\/eldiariodesanpedro.com.ar\/sitio\/wp-json\/wp\/v2\/posts\/50247\/revisions\/50249"}],"wp:featuredmedia":[{"embeddable":true,"href":"https:\/\/eldiariodesanpedro.com.ar\/sitio\/wp-json\/wp\/v2\/media\/47762"}],"wp:attachment":[{"href":"https:\/\/eldiariodesanpedro.com.ar\/sitio\/wp-json\/wp\/v2\/media?parent=50247"}],"wp:term":[{"taxonomy":"category","embeddable":true,"href":"https:\/\/eldiariodesanpedro.com.ar\/sitio\/wp-json\/wp\/v2\/categories?post=50247"},{"taxonomy":"post_tag","embeddable":true,"href":"https:\/\/eldiariodesanpedro.com.ar\/sitio\/wp-json\/wp\/v2\/tags?post=50247"}],"curies":[{"name":"wp","href":"https:\/\/api.w.org\/{rel}","templated":true}]}}