{"id":50243,"date":"2019-04-07T17:21:34","date_gmt":"2019-04-07T20:21:34","guid":{"rendered":"https:\/\/eldiariodesanpedro.com.ar\/sitio\/?p=50243"},"modified":"2019-04-07T17:21:41","modified_gmt":"2019-04-07T20:21:41","slug":"una-motocicleta-impacto-con-una-camioneta","status":"publish","type":"post","link":"https:\/\/eldiariodesanpedro.com.ar\/sitio\/una-motocicleta-impacto-con-una-camioneta\/","title":{"rendered":"Una motocicleta impact\u00f3 con una camioneta"},"content":{"rendered":"<!-- VideographyWP Plugin Message: Automatic video embedding prevented by plugin options. -->\n\n<p>En horas de la madrugada de este domingo\u00a0en Avenida 3 de Febrero y Thorne por causas tratan de establecer colisionaron una camioneta Renault Captur blanca\u00a0guida por masculino de 68 a\u00f1os, con motocicleta marca Gilera Smash Roja conducida por femenina de 54 a\u00f1os, femenina trasladada por 107, nosocomio donde se dictamina lesiones leves , de escoriaciones. Intervenci\u00f3n UFI 5 San Pedro.- \u00a0 <\/p>\n","protected":false},"excerpt":{"rendered":"<p>En horas de la madrugada de este domingo\u00a0en Avenida 3 de Febrero y Thorne por causas tratan de establecer colisionaron una camioneta Renault Captur blanca\u00a0guida por masculino de 68 a\u00f1os, con motocicleta marca Gilera Smash Roja conducida por femenina de 54 a\u00f1os, femenina trasladada por 107, nosocomio donde se dictamina lesiones leves , de escoriaciones. [&hellip;]<\/p>\n","protected":false},"author":4,"featured_media":17705,"comment_status":"open","ping_status":"closed","sticky":false,"template":"","format":"standard","meta":{"om_disable_all_campaigns":false,"_jetpack_memberships_contains_paid_content":false,"footnotes":""},"categories":[2,103],"tags":[],"class_list":["post-50243","post","type-post","status-publish","format-standard","has-post-thumbnail","hentry","category-locales","category-policiales-locales"],"aioseo_notices":[],"gutentor_comment":5,"jetpack_featured_media_url":"https:\/\/eldiariodesanpedro.com.ar\/sitio\/wp-content\/uploads\/2017\/04\/transito-noche.jpg","jetpack_shortlink":"https:\/\/wp.me\/p6RhLt-d4n","jetpack_sharing_enabled":true,"_links":{"self":[{"href":"https:\/\/eldiariodesanpedro.com.ar\/sitio\/wp-json\/wp\/v2\/posts\/50243","targetHints":{"allow":["GET"]}}],"collection":[{"href":"https:\/\/eldiariodesanpedro.com.ar\/sitio\/wp-json\/wp\/v2\/posts"}],"about":[{"href":"https:\/\/eldiariodesanpedro.com.ar\/sitio\/wp-json\/wp\/v2\/types\/post"}],"author":[{"embeddable":true,"href":"https:\/\/eldiariodesanpedro.com.ar\/sitio\/wp-json\/wp\/v2\/users\/4"}],"replies":[{"embeddable":true,"href":"https:\/\/eldiariodesanpedro.com.ar\/sitio\/wp-json\/wp\/v2\/comments?post=50243"}],"version-history":[{"count":1,"href":"https:\/\/eldiariodesanpedro.com.ar\/sitio\/wp-json\/wp\/v2\/posts\/50243\/revisions"}],"predecessor-version":[{"id":50244,"href":"https:\/\/eldiariodesanpedro.com.ar\/sitio\/wp-json\/wp\/v2\/posts\/50243\/revisions\/50244"}],"wp:featuredmedia":[{"embeddable":true,"href":"https:\/\/eldiariodesanpedro.com.ar\/sitio\/wp-json\/wp\/v2\/media\/17705"}],"wp:attachment":[{"href":"https:\/\/eldiariodesanpedro.com.ar\/sitio\/wp-json\/wp\/v2\/media?parent=50243"}],"wp:term":[{"taxonomy":"category","embeddable":true,"href":"https:\/\/eldiariodesanpedro.com.ar\/sitio\/wp-json\/wp\/v2\/categories?post=50243"},{"taxonomy":"post_tag","embeddable":true,"href":"https:\/\/eldiariodesanpedro.com.ar\/sitio\/wp-json\/wp\/v2\/tags?post=50243"}],"curies":[{"name":"wp","href":"https:\/\/api.w.org\/{rel}","templated":true}]}}