{"id":50241,"date":"2019-04-07T17:18:30","date_gmt":"2019-04-07T20:18:30","guid":{"rendered":"https:\/\/eldiariodesanpedro.com.ar\/sitio\/?p=50241"},"modified":"2019-04-07T17:18:41","modified_gmt":"2019-04-07T20:18:41","slug":"aprehendidos-por-disturbios-en-la-via-publica","status":"publish","type":"post","link":"https:\/\/eldiariodesanpedro.com.ar\/sitio\/aprehendidos-por-disturbios-en-la-via-publica\/","title":{"rendered":"Aprehendidos por disturbios en la v\u00eda p\u00fablica"},"content":{"rendered":"<!-- VideographyWP Plugin Message: Automatic video embedding prevented by plugin options. -->\n\n<p>Este sabado, personal policial alertado por un llamado al 911, por disturbios en v\u00eda p\u00fablica en el \u201cPaseo P\u00fablico Municipal\u201d\u00a0 lugar all\u00ed donde se observaron a cuatro masculinos mayores de edad entre 18 y 26 a\u00f1os,  alterando el orden p\u00fablico, que a reiteradas oportunidades se solicita se retiren del lugar, haciendo caso omiso, agrediendo al personal policial, por lo cual se aprehende a los mismos en dicho sector de costanera, ya que no desisten de sus actitudes hostil,\u00a0 mostrando resistencia en dicho proceder- uniformados ilesos.<\/p>\n","protected":false},"excerpt":{"rendered":"<p>Este sabado, personal policial alertado por un llamado al 911, por disturbios en v\u00eda p\u00fablica en el \u201cPaseo P\u00fablico Municipal\u201d\u00a0 lugar all\u00ed donde se observaron a cuatro masculinos mayores de edad entre 18 y 26 a\u00f1os, alterando el orden p\u00fablico, que a reiteradas oportunidades se solicita se retiren del lugar, haciendo caso omiso, agrediendo al [&hellip;]<\/p>\n","protected":false},"author":4,"featured_media":26677,"comment_status":"open","ping_status":"closed","sticky":false,"template":"","format":"standard","meta":{"om_disable_all_campaigns":false,"_jetpack_memberships_contains_paid_content":false,"footnotes":""},"categories":[2,103],"tags":[],"class_list":["post-50241","post","type-post","status-publish","format-standard","has-post-thumbnail","hentry","category-locales","category-policiales-locales"],"aioseo_notices":[],"gutentor_comment":5,"jetpack_featured_media_url":"https:\/\/eldiariodesanpedro.com.ar\/sitio\/wp-content\/uploads\/2017\/12\/patrullas-policia-noche.jpg","jetpack_shortlink":"https:\/\/wp.me\/p6RhLt-d4l","jetpack_sharing_enabled":true,"_links":{"self":[{"href":"https:\/\/eldiariodesanpedro.com.ar\/sitio\/wp-json\/wp\/v2\/posts\/50241","targetHints":{"allow":["GET"]}}],"collection":[{"href":"https:\/\/eldiariodesanpedro.com.ar\/sitio\/wp-json\/wp\/v2\/posts"}],"about":[{"href":"https:\/\/eldiariodesanpedro.com.ar\/sitio\/wp-json\/wp\/v2\/types\/post"}],"author":[{"embeddable":true,"href":"https:\/\/eldiariodesanpedro.com.ar\/sitio\/wp-json\/wp\/v2\/users\/4"}],"replies":[{"embeddable":true,"href":"https:\/\/eldiariodesanpedro.com.ar\/sitio\/wp-json\/wp\/v2\/comments?post=50241"}],"version-history":[{"count":1,"href":"https:\/\/eldiariodesanpedro.com.ar\/sitio\/wp-json\/wp\/v2\/posts\/50241\/revisions"}],"predecessor-version":[{"id":50242,"href":"https:\/\/eldiariodesanpedro.com.ar\/sitio\/wp-json\/wp\/v2\/posts\/50241\/revisions\/50242"}],"wp:featuredmedia":[{"embeddable":true,"href":"https:\/\/eldiariodesanpedro.com.ar\/sitio\/wp-json\/wp\/v2\/media\/26677"}],"wp:attachment":[{"href":"https:\/\/eldiariodesanpedro.com.ar\/sitio\/wp-json\/wp\/v2\/media?parent=50241"}],"wp:term":[{"taxonomy":"category","embeddable":true,"href":"https:\/\/eldiariodesanpedro.com.ar\/sitio\/wp-json\/wp\/v2\/categories?post=50241"},{"taxonomy":"post_tag","embeddable":true,"href":"https:\/\/eldiariodesanpedro.com.ar\/sitio\/wp-json\/wp\/v2\/tags?post=50241"}],"curies":[{"name":"wp","href":"https:\/\/api.w.org\/{rel}","templated":true}]}}