{"id":50237,"date":"2019-04-06T11:42:28","date_gmt":"2019-04-06T14:42:28","guid":{"rendered":"https:\/\/eldiariodesanpedro.com.ar\/sitio\/?p=50237"},"modified":"2019-04-06T11:42:42","modified_gmt":"2019-04-06T14:42:42","slug":"ramallo-secuestran-cien-pollos-de-dudosa-procedencia","status":"publish","type":"post","link":"https:\/\/eldiariodesanpedro.com.ar\/sitio\/ramallo-secuestran-cien-pollos-de-dudosa-procedencia\/","title":{"rendered":"RAMALLO: Secuestran cien pollos de dudosa procedencia"},"content":{"rendered":"<!-- VideographyWP Plugin Message: Automatic video embedding prevented by plugin options. -->\n\n<p>\n\nPersonal del Comando de Patrulla Rural de Ramallo realizaba recorridas preventivas por camino Rural Ruta 1001.<\/p>\n\n\n\n<p>En ese marco, visualiz\u00f3 una camioneta Chevrolet, donde observan que transportaban pollos, por lo que se intercept\u00f3 dicho veh\u00edculo y se procedi\u00f3 a requerir documentaci\u00f3n, careciendo de todo tipo de papeles, habilitaci\u00f3n y leyenda del SENASA.<\/p>\n\n\n\n<p>Al no poder acreditar propiedad ni procedencia de las aves, se mantuvo comunicaci\u00f3n con la Ayudant\u00eda Fiscal Ramallo, que dispuso el secuestro de las aves hasta tanto se acredite propiedad.<\/p>\n\n\n\n<p>Tambi\u00e9n fue secuestrado el rodado, en tanto que quedaron imputados tres sujetos y se secuestraron los cien pollos doble pechuga listos para faena.<\/p>\n\n\n\n<p>FUENTE: Ramallo Ciudad<\/p>\n","protected":false},"excerpt":{"rendered":"<p>Personal del Comando de Patrulla Rural de Ramallo realizaba recorridas preventivas por camino Rural Ruta 1001. En ese marco, visualiz\u00f3 una camioneta Chevrolet, donde observan que transportaban pollos, por lo que se intercept\u00f3 dicho veh\u00edculo y se procedi\u00f3 a requerir documentaci\u00f3n, careciendo de todo tipo de papeles, habilitaci\u00f3n y leyenda del SENASA. Al no poder [&hellip;]<\/p>\n","protected":false},"author":4,"featured_media":50238,"comment_status":"open","ping_status":"closed","sticky":false,"template":"","format":"standard","meta":{"om_disable_all_campaigns":false,"_jetpack_memberships_contains_paid_content":false,"footnotes":""},"categories":[621],"tags":[],"class_list":["post-50237","post","type-post","status-publish","format-standard","has-post-thumbnail","hentry","category-regionales"],"aioseo_notices":[],"gutentor_comment":0,"jetpack_featured_media_url":"https:\/\/eldiariodesanpedro.com.ar\/sitio\/wp-content\/uploads\/2019\/04\/bbx_792077816_1_WhatsA.jpeg","jetpack_shortlink":"https:\/\/wp.me\/p6RhLt-d4h","jetpack_sharing_enabled":true,"_links":{"self":[{"href":"https:\/\/eldiariodesanpedro.com.ar\/sitio\/wp-json\/wp\/v2\/posts\/50237","targetHints":{"allow":["GET"]}}],"collection":[{"href":"https:\/\/eldiariodesanpedro.com.ar\/sitio\/wp-json\/wp\/v2\/posts"}],"about":[{"href":"https:\/\/eldiariodesanpedro.com.ar\/sitio\/wp-json\/wp\/v2\/types\/post"}],"author":[{"embeddable":true,"href":"https:\/\/eldiariodesanpedro.com.ar\/sitio\/wp-json\/wp\/v2\/users\/4"}],"replies":[{"embeddable":true,"href":"https:\/\/eldiariodesanpedro.com.ar\/sitio\/wp-json\/wp\/v2\/comments?post=50237"}],"version-history":[{"count":1,"href":"https:\/\/eldiariodesanpedro.com.ar\/sitio\/wp-json\/wp\/v2\/posts\/50237\/revisions"}],"predecessor-version":[{"id":50239,"href":"https:\/\/eldiariodesanpedro.com.ar\/sitio\/wp-json\/wp\/v2\/posts\/50237\/revisions\/50239"}],"wp:featuredmedia":[{"embeddable":true,"href":"https:\/\/eldiariodesanpedro.com.ar\/sitio\/wp-json\/wp\/v2\/media\/50238"}],"wp:attachment":[{"href":"https:\/\/eldiariodesanpedro.com.ar\/sitio\/wp-json\/wp\/v2\/media?parent=50237"}],"wp:term":[{"taxonomy":"category","embeddable":true,"href":"https:\/\/eldiariodesanpedro.com.ar\/sitio\/wp-json\/wp\/v2\/categories?post=50237"},{"taxonomy":"post_tag","embeddable":true,"href":"https:\/\/eldiariodesanpedro.com.ar\/sitio\/wp-json\/wp\/v2\/tags?post=50237"}],"curies":[{"name":"wp","href":"https:\/\/api.w.org\/{rel}","templated":true}]}}