{"id":50233,"date":"2019-04-06T11:30:34","date_gmt":"2019-04-06T14:30:34","guid":{"rendered":"https:\/\/eldiariodesanpedro.com.ar\/sitio\/?p=50233"},"modified":"2019-04-06T11:30:47","modified_gmt":"2019-04-06T14:30:47","slug":"fundacion-construyendo-un-sueno-reactiva-la-obra-de-la-escuela-san-roque","status":"publish","type":"post","link":"https:\/\/eldiariodesanpedro.com.ar\/sitio\/fundacion-construyendo-un-sueno-reactiva-la-obra-de-la-escuela-san-roque\/","title":{"rendered":"Fundaci\u00f3n \u00abConstruyendo un Sue\u00f1o\u00bb reactiva la obra de la Escuela San Roque"},"content":{"rendered":"<!-- VideographyWP Plugin Message: Automatic video embedding prevented by plugin options. -->\n\n<p>Este proyecto dio inicio hace unos 4 o casi 5 a\u00f1os atr\u00e1s, por un grupo de papas del Jard\u00edn Belen donde con mucho esfuerzo y  eventos que han realizado a pulm\u00f3n, polladas y donaciones, comenzaron a construir el establecimiento que esta destinado a el nivel primario por ahora. Luego de muchas interrupciones, que fueron  de publico conocimiento con el padre Tulio y tambi\u00e9n econ\u00f3mica, vuelven a reactivar la obra a trav\u00e9s de una fundaci\u00f3n, en nombre de la escuela sera \u00abMaria Madre\u00bb.<\/p>\n\n\n\n<p>En la ma\u00f1ana de este sabado, dialogamos con Laura Reillon y Joaquin Castro miembros de la comisi\u00f3n, quienes nos contaron en una entrevista como se va a realizar estela continuaci\u00f3n de este proyecto, \u00abcontinuamos sobre la base de lo que ya esta construido, que es mucho, este es un sue\u00f1o que tenemos todos los que formamos este proyecto y mas de una escuela primaria, con un futuro a secundaria, nuestra idea es que el d\u00eda de ma\u00f1ana los nenes puedan empezar en primaria y terminar su carrera en 6to a\u00f1o de secundaria!\u00bb<\/p>\n\n\n\n<p>\u00abNuestro objetivo es que tengamos una nueva escuela en San Pedro y que le de posibilidades a papas de elegir, no es exclusivamente a nenes del Jard\u00edn Belen, en este momento que hemos retomado la obra se a sumado much\u00edsima gente para ayudar, y lograr este sue\u00f1o, porque quiero remarcar que es un establecimiento publico de gesti\u00f3n privada\u00bb.<\/p>\n\n\n\n<p> Despu\u00e9s de varios meses, padres de ex alumnos del Jard\u00edn Bel\u00e9n, vecinos y docentes anunciaron la formaci\u00f3n de la fundaci\u00f3n \u00abConstruyendo un sue\u00f1o\u00bb para terminar el establecimiento.\u00a0 <\/p>\n\n\n\n<p>\u00abNecesitamos que se sume gente a la Fundaci\u00f3n, somos una decena de personas, necesitamos mas la colaboraci\u00f3n de todos,  pero tambi\u00e9n dialogamos con el Secretario de Gobierno para que nos aporte una parte del fondo educativo solo para por lo menos poder terminar los pisos, es un pedido muy chiquito que le hacemos y lo necesitamos mucho\u00bb.<\/p>\n\n\n\n<p>Comunicado de la Fundaci\u00f3n que difundi\u00f3 en las ultimas horas:<\/p>\n\n\n\n<p><em>\u00abAl igual que en la vida de las personas los proyectos tienen buenos y malos momentos y est\u00e1 en cada uno encontrar la fortaleza para levantarse y continuar, nosotros los tuvimos, momentos de alegr\u00eda que se prolongaron mientras fuimos viendo los progresos de la construcci\u00f3n de la escuela y momentos de tristezas, donde por los acontecimientos vividos creimos naufragar .<br>No obstante ello, cual naufrago encontramos la tabla salvadora, la que nos mantuvo a flote y nos permiti\u00f3 hoy estar de pie; esta tabla era la fe en dios, la fe en el proyecto, el anhelo de una educaci\u00f3n para nuestros hijos y sobre todo el deseo de todo padre de conseguir un banco en una escuela para que nuestros hijos puedan estudiar y formarse dignamente. El objetivo es claro, queremos terminar con la angustia y la incertidumbre que\u00a0 tiene todo Sanpedrino a la hora de encontrar un lugar para que nuestros hijos emprendan su futuro, y\u00a0 la forma para ello era, renacer de las cenizas, emerger, organizarnos y continuar con la construcci\u00f3n de la escuela.<br>As\u00ed los miembros de la comisi\u00f3n de padres nos volvimos a juntar y decidimos re fundar el proyecto, un volver a nacer, pero no ya desde la nada, sino desde lo construido, desde una base conformada por el esfuerzo de mucha gente, desde aquellos que donaron el lote donde nos erigimos, como de aquellos que con peque\u00f1os esfuerzo permitieron que hoy la escuela sea lo que se ve. Las bases son solidas y en honor a ellos tambi\u00e9n debemos continuar.<br>Es por ello, que encaramos un nuevo proyecto, la terminaci\u00f3n de la Construcci\u00f3n del Colegio que se llamar\u00e1 Mar\u00eda Madre en honor a nuestra protectora y\u00a0 cuyo proceso de contrucci\u00f3n requiere de la colaboraci\u00f3n de todos los miembros de la sociedad,\u00a0 todo este proceso ser\u00e1 desarrollado e impulsado por la una fundaci\u00f3n que se encuentra en proceso de formaci\u00f3n y bajo la supervici\u00f3n y autorizaci\u00f3n del Obispado de San Nicolas.<br>La misi\u00f3n es dura,\u00a0 pero los objetivos lo valen, una sociedad sin educaci\u00f3n est\u00e1 condenada al desorden,\u00a0 a la violencia y la injusticia y eso no lo podemos permitir.<br>Les pedimos que nos acompa\u00f1en en ese nuevo trayecto; SEAMOS PARTE de una gesta hist\u00f3rica, SEAMOS PARTE de una mejor educaci\u00f3n, SEAMOS PARTE\u00a0 de una escuela MAS que brindar\u00e1 un banco MAS a un mont\u00f3n de ni\u00f1os excludidos del sistema educativo<br>SEAMOS PARTE<br>Fundaci\u00f3n (en formaci\u00f3n) CONTRUYENDO UN SUE\u00d1O\u00bb<\/em><\/p>\n\n\n\n<figure class=\"wp-block-image\"><img decoding=\"async\" width=\"540\" height=\"960\" data-attachment-id=\"50234\" data-permalink=\"https:\/\/eldiariodesanpedro.com.ar\/sitio\/fundacion-construyendo-un-sueno-reactiva-la-obra-de-la-escuela-san-roque\/proyecto-construyendo-un-sueno\/\" data-orig-file=\"https:\/\/eldiariodesanpedro.com.ar\/sitio\/wp-content\/uploads\/2019\/04\/Proyecto-construyendo-un-sue\u00f1o.jpg\" data-orig-size=\"540,960\" data-comments-opened=\"1\" data-image-meta=\"{&quot;aperture&quot;:&quot;0&quot;,&quot;credit&quot;:&quot;&quot;,&quot;camera&quot;:&quot;&quot;,&quot;caption&quot;:&quot;&quot;,&quot;created_timestamp&quot;:&quot;0&quot;,&quot;copyright&quot;:&quot;&quot;,&quot;focal_length&quot;:&quot;0&quot;,&quot;iso&quot;:&quot;0&quot;,&quot;shutter_speed&quot;:&quot;0&quot;,&quot;title&quot;:&quot;&quot;,&quot;orientation&quot;:&quot;0&quot;}\" data-image-title=\"Proyecto construyendo un sue\u00f1o\" data-image-description=\"\" data-image-caption=\"\" data-large-file=\"https:\/\/eldiariodesanpedro.com.ar\/sitio\/wp-content\/uploads\/2019\/04\/Proyecto-construyendo-un-sue\u00f1o.jpg\" data-src=\"https:\/\/eldiariodesanpedro.com.ar\/sitio\/wp-content\/uploads\/2019\/04\/Proyecto-construyendo-un-sue\u00f1o.jpg\" alt=\"\" class=\"wp-image-50234 lazyload\" data-srcset=\"https:\/\/eldiariodesanpedro.com.ar\/sitio\/wp-content\/uploads\/2019\/04\/Proyecto-construyendo-un-sue\u00f1o.jpg 540w, https:\/\/eldiariodesanpedro.com.ar\/sitio\/wp-content\/uploads\/2019\/04\/Proyecto-construyendo-un-sue\u00f1o-169x300.jpg 169w\" data-sizes=\"(max-width: 540px) 100vw, 540px\" src=\"data:image\/svg+xml;base64,PHN2ZyB3aWR0aD0iMSIgaGVpZ2h0PSIxIiB4bWxucz0iaHR0cDovL3d3dy53My5vcmcvMjAwMC9zdmciPjwvc3ZnPg==\" style=\"--smush-placeholder-width: 540px; --smush-placeholder-aspect-ratio: 540\/960;\" \/><\/figure>\n","protected":false},"excerpt":{"rendered":"<p>Este proyecto dio inicio hace unos 4 o casi 5 a\u00f1os atr\u00e1s, por un grupo de papas del Jard\u00edn Belen donde con mucho esfuerzo y eventos que han realizado a pulm\u00f3n, polladas y donaciones, comenzaron a construir el establecimiento que esta destinado a el nivel primario por ahora. Luego de muchas interrupciones, que fueron de [&hellip;]<\/p>\n","protected":false},"author":4,"featured_media":50235,"comment_status":"open","ping_status":"closed","sticky":false,"template":"","format":"standard","meta":{"om_disable_all_campaigns":false,"_jetpack_memberships_contains_paid_content":false,"footnotes":""},"categories":[50,101,2],"tags":[],"class_list":["post-50233","post","type-post","status-publish","format-standard","has-post-thumbnail","hentry","category-destacadas","category-interes-general-locales","category-locales"],"aioseo_notices":[],"gutentor_comment":0,"jetpack_featured_media_url":"https:\/\/eldiariodesanpedro.com.ar\/sitio\/wp-content\/uploads\/2019\/04\/11059522_663287493801474_6720315250895333124_o.jpg","jetpack_shortlink":"https:\/\/wp.me\/p6RhLt-d4d","jetpack_sharing_enabled":true,"_links":{"self":[{"href":"https:\/\/eldiariodesanpedro.com.ar\/sitio\/wp-json\/wp\/v2\/posts\/50233","targetHints":{"allow":["GET"]}}],"collection":[{"href":"https:\/\/eldiariodesanpedro.com.ar\/sitio\/wp-json\/wp\/v2\/posts"}],"about":[{"href":"https:\/\/eldiariodesanpedro.com.ar\/sitio\/wp-json\/wp\/v2\/types\/post"}],"author":[{"embeddable":true,"href":"https:\/\/eldiariodesanpedro.com.ar\/sitio\/wp-json\/wp\/v2\/users\/4"}],"replies":[{"embeddable":true,"href":"https:\/\/eldiariodesanpedro.com.ar\/sitio\/wp-json\/wp\/v2\/comments?post=50233"}],"version-history":[{"count":1,"href":"https:\/\/eldiariodesanpedro.com.ar\/sitio\/wp-json\/wp\/v2\/posts\/50233\/revisions"}],"predecessor-version":[{"id":50236,"href":"https:\/\/eldiariodesanpedro.com.ar\/sitio\/wp-json\/wp\/v2\/posts\/50233\/revisions\/50236"}],"wp:featuredmedia":[{"embeddable":true,"href":"https:\/\/eldiariodesanpedro.com.ar\/sitio\/wp-json\/wp\/v2\/media\/50235"}],"wp:attachment":[{"href":"https:\/\/eldiariodesanpedro.com.ar\/sitio\/wp-json\/wp\/v2\/media?parent=50233"}],"wp:term":[{"taxonomy":"category","embeddable":true,"href":"https:\/\/eldiariodesanpedro.com.ar\/sitio\/wp-json\/wp\/v2\/categories?post=50233"},{"taxonomy":"post_tag","embeddable":true,"href":"https:\/\/eldiariodesanpedro.com.ar\/sitio\/wp-json\/wp\/v2\/tags?post=50233"}],"curies":[{"name":"wp","href":"https:\/\/api.w.org\/{rel}","templated":true}]}}