{"id":50230,"date":"2019-04-06T10:55:55","date_gmt":"2019-04-06T13:55:55","guid":{"rendered":"https:\/\/eldiariodesanpedro.com.ar\/sitio\/?p=50230"},"modified":"2019-04-06T10:57:12","modified_gmt":"2019-04-06T13:57:12","slug":"otro-taller-clausurado","status":"publish","type":"post","link":"https:\/\/eldiariodesanpedro.com.ar\/sitio\/otro-taller-clausurado\/","title":{"rendered":"Otro taller clausurado"},"content":{"rendered":"<!-- VideographyWP Plugin Message: Automatic video embedding prevented by plugin options. -->\n\n<p>Se encuentra ubicado en calle Caroni al 100. El personal del Gabinete de Prevenci\u00f3n Criminol\u00f3gico que particip\u00f3 del operativo certific\u00f3 el faltante del libro de control y habilitaci\u00f3n municipal.\u00a0 <\/p>\n\n\n\n<p>Se trata de  un taller de chapa y pintura,  fue inspeccionado y sancionado este viernes por la tarde,  en el marco de los operativos dispuestos por el Ministerio de Seguridad de la provincia de Buenos Aires a la <br>Ley 13081 \u2013 Clausura.<br><\/p>\n","protected":false},"excerpt":{"rendered":"<p>Se encuentra ubicado en calle Caroni al 100. El personal del Gabinete de Prevenci\u00f3n Criminol\u00f3gico que particip\u00f3 del operativo certific\u00f3 el faltante del libro de control y habilitaci\u00f3n municipal.\u00a0 Se trata de un taller de chapa y pintura, fue inspeccionado y sancionado este viernes por la tarde, en el marco de los operativos dispuestos por [&hellip;]<\/p>\n","protected":false},"author":4,"featured_media":50231,"comment_status":"open","ping_status":"closed","sticky":false,"template":"","format":"standard","meta":{"om_disable_all_campaigns":false,"_jetpack_memberships_contains_paid_content":false,"footnotes":""},"categories":[2,103],"tags":[],"class_list":["post-50230","post","type-post","status-publish","format-standard","has-post-thumbnail","hentry","category-locales","category-policiales-locales"],"aioseo_notices":[],"gutentor_comment":2,"jetpack_featured_media_url":"https:\/\/eldiariodesanpedro.com.ar\/sitio\/wp-content\/uploads\/2019\/04\/f620x350-35453_66471_0.jpg","jetpack_shortlink":"https:\/\/wp.me\/p6RhLt-d4a","jetpack_sharing_enabled":true,"_links":{"self":[{"href":"https:\/\/eldiariodesanpedro.com.ar\/sitio\/wp-json\/wp\/v2\/posts\/50230","targetHints":{"allow":["GET"]}}],"collection":[{"href":"https:\/\/eldiariodesanpedro.com.ar\/sitio\/wp-json\/wp\/v2\/posts"}],"about":[{"href":"https:\/\/eldiariodesanpedro.com.ar\/sitio\/wp-json\/wp\/v2\/types\/post"}],"author":[{"embeddable":true,"href":"https:\/\/eldiariodesanpedro.com.ar\/sitio\/wp-json\/wp\/v2\/users\/4"}],"replies":[{"embeddable":true,"href":"https:\/\/eldiariodesanpedro.com.ar\/sitio\/wp-json\/wp\/v2\/comments?post=50230"}],"version-history":[{"count":1,"href":"https:\/\/eldiariodesanpedro.com.ar\/sitio\/wp-json\/wp\/v2\/posts\/50230\/revisions"}],"predecessor-version":[{"id":50232,"href":"https:\/\/eldiariodesanpedro.com.ar\/sitio\/wp-json\/wp\/v2\/posts\/50230\/revisions\/50232"}],"wp:featuredmedia":[{"embeddable":true,"href":"https:\/\/eldiariodesanpedro.com.ar\/sitio\/wp-json\/wp\/v2\/media\/50231"}],"wp:attachment":[{"href":"https:\/\/eldiariodesanpedro.com.ar\/sitio\/wp-json\/wp\/v2\/media?parent=50230"}],"wp:term":[{"taxonomy":"category","embeddable":true,"href":"https:\/\/eldiariodesanpedro.com.ar\/sitio\/wp-json\/wp\/v2\/categories?post=50230"},{"taxonomy":"post_tag","embeddable":true,"href":"https:\/\/eldiariodesanpedro.com.ar\/sitio\/wp-json\/wp\/v2\/tags?post=50230"}],"curies":[{"name":"wp","href":"https:\/\/api.w.org\/{rel}","templated":true}]}}