{"id":50224,"date":"2019-04-06T10:40:59","date_gmt":"2019-04-06T13:40:59","guid":{"rendered":"https:\/\/eldiariodesanpedro.com.ar\/sitio\/?p=50224"},"modified":"2019-04-06T10:43:12","modified_gmt":"2019-04-06T13:43:12","slug":"gobernador-castro-asaltaron-en-las-oficinas-de-coopser","status":"publish","type":"post","link":"https:\/\/eldiariodesanpedro.com.ar\/sitio\/gobernador-castro-asaltaron-en-las-oficinas-de-coopser\/","title":{"rendered":"Gobernador Castro: Asaltaron en las oficinas de Coopser"},"content":{"rendered":"<!-- VideographyWP Plugin Message: Automatic video embedding prevented by plugin options. -->\n\n<p>El hecho sucedi\u00f3 este viernes cuando dos delincuentes armados asaltaron al \u00fanico empleado que se encontraba atendiendo al publico y se llevaron dinero en efectivo de la recaudaci\u00f3n de la caja.<\/p>\n\n\n\n<p>Las oficinas se encuentran ubicadas sobre calle Naci\u00f3n al 180 de la localidad, en plena actividad comercial, en horas del mediod\u00eda, ingresan dos delincuentes que mediante intimidaci\u00f3n de arma de fuego logran retirarse con todo el dinero recaudado del d\u00eda.<\/p>\n\n\n\n<p>En el lugar ademas una mujer y un hombre aguardaban ser atendidos y uno de los malvivientes le robo a la dama el dinero que llevaba encima y un celular.<\/p>\n\n\n\n<p>Los delincuentes llegaron en una motocicleta y se presume que luego la dejaron abandonada en el camino para trasladarse a una combi, d\u00e1ndose completamente a la fuga r\u00e1pidamente.<\/p>\n\n\n\n<p>La causa fue caratulada como \u00abrobo agravado por el uso de arma de fuego\u00bb y toma intervenci\u00f3n la fiscalia N\u00ba5<\/p>\n","protected":false},"excerpt":{"rendered":"<p>El hecho sucedi\u00f3 este viernes cuando dos delincuentes armados asaltaron al \u00fanico empleado que se encontraba atendiendo al publico y se llevaron dinero en efectivo de la recaudaci\u00f3n de la caja. Las oficinas se encuentran ubicadas sobre calle Naci\u00f3n al 180 de la localidad, en plena actividad comercial, en horas del mediod\u00eda, ingresan dos delincuentes [&hellip;]<\/p>\n","protected":false},"author":4,"featured_media":37522,"comment_status":"open","ping_status":"closed","sticky":false,"template":"","format":"standard","meta":{"om_disable_all_campaigns":false,"_jetpack_memberships_contains_paid_content":false,"footnotes":""},"categories":[50,2,103],"tags":[],"class_list":["post-50224","post","type-post","status-publish","format-standard","has-post-thumbnail","hentry","category-destacadas","category-locales","category-policiales-locales"],"aioseo_notices":[],"gutentor_comment":0,"jetpack_featured_media_url":"https:\/\/eldiariodesanpedro.com.ar\/sitio\/wp-content\/uploads\/2018\/08\/Asalto-arma.jpg","jetpack_shortlink":"https:\/\/wp.me\/p6RhLt-d44","jetpack_sharing_enabled":true,"_links":{"self":[{"href":"https:\/\/eldiariodesanpedro.com.ar\/sitio\/wp-json\/wp\/v2\/posts\/50224","targetHints":{"allow":["GET"]}}],"collection":[{"href":"https:\/\/eldiariodesanpedro.com.ar\/sitio\/wp-json\/wp\/v2\/posts"}],"about":[{"href":"https:\/\/eldiariodesanpedro.com.ar\/sitio\/wp-json\/wp\/v2\/types\/post"}],"author":[{"embeddable":true,"href":"https:\/\/eldiariodesanpedro.com.ar\/sitio\/wp-json\/wp\/v2\/users\/4"}],"replies":[{"embeddable":true,"href":"https:\/\/eldiariodesanpedro.com.ar\/sitio\/wp-json\/wp\/v2\/comments?post=50224"}],"version-history":[{"count":2,"href":"https:\/\/eldiariodesanpedro.com.ar\/sitio\/wp-json\/wp\/v2\/posts\/50224\/revisions"}],"predecessor-version":[{"id":50226,"href":"https:\/\/eldiariodesanpedro.com.ar\/sitio\/wp-json\/wp\/v2\/posts\/50224\/revisions\/50226"}],"wp:featuredmedia":[{"embeddable":true,"href":"https:\/\/eldiariodesanpedro.com.ar\/sitio\/wp-json\/wp\/v2\/media\/37522"}],"wp:attachment":[{"href":"https:\/\/eldiariodesanpedro.com.ar\/sitio\/wp-json\/wp\/v2\/media?parent=50224"}],"wp:term":[{"taxonomy":"category","embeddable":true,"href":"https:\/\/eldiariodesanpedro.com.ar\/sitio\/wp-json\/wp\/v2\/categories?post=50224"},{"taxonomy":"post_tag","embeddable":true,"href":"https:\/\/eldiariodesanpedro.com.ar\/sitio\/wp-json\/wp\/v2\/tags?post=50224"}],"curies":[{"name":"wp","href":"https:\/\/api.w.org\/{rel}","templated":true}]}}