{"id":50220,"date":"2019-04-06T09:36:00","date_gmt":"2019-04-06T12:36:00","guid":{"rendered":"https:\/\/eldiariodesanpedro.com.ar\/sitio\/?p=50220"},"modified":"2019-04-06T09:36:08","modified_gmt":"2019-04-06T12:36:08","slug":"tres-personas-aprehendidas-una-de-ellas-por-sustraer-una-bicicleta","status":"publish","type":"post","link":"https:\/\/eldiariodesanpedro.com.ar\/sitio\/tres-personas-aprehendidas-una-de-ellas-por-sustraer-una-bicicleta\/","title":{"rendered":"Tres personas aprehendidas, una de ellas por sustraer una bicicleta"},"content":{"rendered":"<!-- VideographyWP Plugin Message: Automatic video embedding prevented by plugin options. -->\n\n<p>Los delincuentes fueron trasladados a la dependencia policial  por distintos echos delictivos. Un sujeto de 52 por robar una bicicleta, uno de 35 que registra pedido de detenci\u00f3n activa y el ultimo de 22,  por barretear la puerta de un autom\u00f3vil para delinquir.<\/p>\n\n\n\n<p>En primer lugar personal policial es alertado este viernes por la tarde sobre un delincuente que hab\u00eda sustra\u00eddo una bicicleta, propiedad de una persona mayor, de una vivienda sita en calle Gomendio al 1300.<\/p>\n\n\n\n<p>Tras r\u00e1pido accionar logran la aprehensi\u00f3n del malviviente en intersecci\u00f3n de las calle J.B.Justo y Uruguay.<\/p>\n\n\n\n<p>Luego sobre calle 64 al 800 se detiene a un hombre de 35, quien el mismo registra pedido de detenci\u00f3n por abigeato agravado solicitado por el juzgado de ejecuci\u00f3n penal.<\/p>\n\n\n\n<p>Por ultimo, personal del gabinete de prevenci\u00f3n de comisaria, en intersecci\u00f3n de las calle 11 de Septiembre y Primera Junta, aprehenden a un joven de 22, que se encontraba barreteando la puerta de un autom\u00f3vil estaba estacionado en la v\u00eda publica.<\/p>\n\n\n\n<p>Todos los hechos son intervenidos por la fiscalia en turno de nuestra ciudad.<br><\/p>\n","protected":false},"excerpt":{"rendered":"<p>Los delincuentes fueron trasladados a la dependencia policial por distintos echos delictivos. Un sujeto de 52 por robar una bicicleta, uno de 35 que registra pedido de detenci\u00f3n activa y el ultimo de 22, por barretear la puerta de un autom\u00f3vil para delinquir. En primer lugar personal policial es alertado este viernes por la tarde [&hellip;]<\/p>\n","protected":false},"author":4,"featured_media":30195,"comment_status":"open","ping_status":"closed","sticky":false,"template":"","format":"standard","meta":{"om_disable_all_campaigns":false,"_jetpack_memberships_contains_paid_content":false,"footnotes":""},"categories":[2,103],"tags":[],"class_list":["post-50220","post","type-post","status-publish","format-standard","has-post-thumbnail","hentry","category-locales","category-policiales-locales"],"aioseo_notices":[],"gutentor_comment":0,"jetpack_featured_media_url":"https:\/\/eldiariodesanpedro.com.ar\/sitio\/wp-content\/uploads\/2018\/03\/Aprehendido-y-ofuscado.jpg","jetpack_shortlink":"https:\/\/wp.me\/p6RhLt-d40","jetpack_sharing_enabled":true,"_links":{"self":[{"href":"https:\/\/eldiariodesanpedro.com.ar\/sitio\/wp-json\/wp\/v2\/posts\/50220","targetHints":{"allow":["GET"]}}],"collection":[{"href":"https:\/\/eldiariodesanpedro.com.ar\/sitio\/wp-json\/wp\/v2\/posts"}],"about":[{"href":"https:\/\/eldiariodesanpedro.com.ar\/sitio\/wp-json\/wp\/v2\/types\/post"}],"author":[{"embeddable":true,"href":"https:\/\/eldiariodesanpedro.com.ar\/sitio\/wp-json\/wp\/v2\/users\/4"}],"replies":[{"embeddable":true,"href":"https:\/\/eldiariodesanpedro.com.ar\/sitio\/wp-json\/wp\/v2\/comments?post=50220"}],"version-history":[{"count":1,"href":"https:\/\/eldiariodesanpedro.com.ar\/sitio\/wp-json\/wp\/v2\/posts\/50220\/revisions"}],"predecessor-version":[{"id":50221,"href":"https:\/\/eldiariodesanpedro.com.ar\/sitio\/wp-json\/wp\/v2\/posts\/50220\/revisions\/50221"}],"wp:featuredmedia":[{"embeddable":true,"href":"https:\/\/eldiariodesanpedro.com.ar\/sitio\/wp-json\/wp\/v2\/media\/30195"}],"wp:attachment":[{"href":"https:\/\/eldiariodesanpedro.com.ar\/sitio\/wp-json\/wp\/v2\/media?parent=50220"}],"wp:term":[{"taxonomy":"category","embeddable":true,"href":"https:\/\/eldiariodesanpedro.com.ar\/sitio\/wp-json\/wp\/v2\/categories?post=50220"},{"taxonomy":"post_tag","embeddable":true,"href":"https:\/\/eldiariodesanpedro.com.ar\/sitio\/wp-json\/wp\/v2\/tags?post=50220"}],"curies":[{"name":"wp","href":"https:\/\/api.w.org\/{rel}","templated":true}]}}