{"id":50128,"date":"2019-04-05T08:40:40","date_gmt":"2019-04-05T11:40:40","guid":{"rendered":"https:\/\/eldiariodesanpedro.com.ar\/sitio\/?p=50128"},"modified":"2019-04-05T08:40:52","modified_gmt":"2019-04-05T11:40:52","slug":"pardo-10k-tour-llega-a-baradero","status":"publish","type":"post","link":"https:\/\/eldiariodesanpedro.com.ar\/sitio\/pardo-10k-tour-llega-a-baradero\/","title":{"rendered":"\u00a1Pardo 10K Tour llega a Baradero!"},"content":{"rendered":"<!-- VideographyWP Plugin Message: Automatic video embedding prevented by plugin options. -->\n\n<p>El 14 de abril el evento deportivo Pardo 10K Tour pisar\u00e1 Baradero y se sumar\u00e1 a la extensa lista de eventos competitivos que se desarrollan en la ciudad. La carrera presentar\u00e1 dos distancias: competitiva y participativa. La inscripci\u00f3n ya est\u00e1 abierta.<\/p>\n\n\n\n<p>La competencia, que contar\u00e1 con grandes premios, se realizar\u00e1 a partir de las 10:00 horas y contemplar\u00e1 la distancia m\u00e1s exigente de los 10 kil\u00f3metros y la distancia participativa e inclusiva de 3 kil\u00f3metros. Ambas carreras largar\u00e1n en el mismo horario y el punto de largada ser\u00e1 el Paseo del Puerto (Av. Almirante Brown)<\/p>\n\n\n\n<p>La inscripci\u00f3n se realiza a trav\u00e9s del siguiente link:&nbsp;<a href=\"https:\/\/l.facebook.com\/l.php?u=https%3A%2F%2Fbit.ly%2FInscripcionBaradero%3Ffbclid%3DIwAR27Lm3LQfPdhy-TRmkQ_aLpqb8n4e0ku66avQJwjku8nOykIL9ICLo-tyE&amp;h=AT3i688X_IdkYPYvLKXF1XsXbDjVDMt-YTJr4e81OI1T5sneQvo1M1P97TOg6iNfltNtjF1XYkiCc7-bwm9byRBEfiGm5MijaojUr_kmjy7KprrfEQy0VJTz-V4-Atv0EUU8-zuhzbb_jB7ExubL7aKlVCl7D24ybQGMB6HI4pYfUWtH2vEHcnGXiaiGHaEhects9EROCAY_eu-IFRz8e85ZpWQ09RpFQ7jq_pcvFshDC3BghQX-9B9AYhjaYdGHQj1VEftRnew5KvBZC6K8nCoMmbUt9wMgMRQ7O1rg0Sq7k8uY6YyefG-lKMfmctiQDexgDuQxMWRIqbHyVvq4qCMIySMwZbwA5HqOqDlHcDqYvFOTS_vQHbUjy47z6x6j1lX_xpejSrXH-Se3mRs-ecC6CPCG3oydmy7ulyYn8LjZr8indl-5bDi7vHgPD5PNXaO7lE7DjDT47cp0T0KFf6mTvPwJdMR1pb2AEx-O7IMo4qjCB37RAtCalf4ZZyVpgaL61wtBnQUSyd9TCPHO6d67UuBOUGFWStDEh598OYai9h768E67X4ApfNk4hHMMql1vD_1M9QNEzUaLTQ1JmGFdj_0oaIe8cbE-hlWhkCAR0vC_nYE7S8rYKIebbY9elZsCzQ\">bit.ly\/InscripcionBaradero<\/a><\/p>\n\n\n\n<p>El evento es organizado por Pardo Hogar con el importante auspicio de la Municipalidad de Baradero.<\/p>\n\n\n\n<figure class=\"wp-block-image\"><img decoding=\"async\" width=\"640\" height=\"237\" data-attachment-id=\"50129\" data-permalink=\"https:\/\/eldiariodesanpedro.com.ar\/sitio\/pardo-10k-tour-llega-a-baradero\/pardo-10k-640x480\/\" data-orig-file=\"https:\/\/eldiariodesanpedro.com.ar\/sitio\/wp-content\/uploads\/2019\/04\/Pardo-10k-640x480.jpg\" data-orig-size=\"640,237\" data-comments-opened=\"1\" data-image-meta=\"{&quot;aperture&quot;:&quot;0&quot;,&quot;credit&quot;:&quot;&quot;,&quot;camera&quot;:&quot;&quot;,&quot;caption&quot;:&quot;&quot;,&quot;created_timestamp&quot;:&quot;0&quot;,&quot;copyright&quot;:&quot;&quot;,&quot;focal_length&quot;:&quot;0&quot;,&quot;iso&quot;:&quot;0&quot;,&quot;shutter_speed&quot;:&quot;0&quot;,&quot;title&quot;:&quot;&quot;,&quot;orientation&quot;:&quot;0&quot;}\" data-image-title=\"Pardo-10k-640&amp;#215;480\" data-image-description=\"\" data-image-caption=\"\" data-large-file=\"https:\/\/eldiariodesanpedro.com.ar\/sitio\/wp-content\/uploads\/2019\/04\/Pardo-10k-640x480.jpg\" data-src=\"https:\/\/eldiariodesanpedro.com.ar\/sitio\/wp-content\/uploads\/2019\/04\/Pardo-10k-640x480.jpg\" alt=\"\" class=\"wp-image-50129 lazyload\" data-srcset=\"https:\/\/eldiariodesanpedro.com.ar\/sitio\/wp-content\/uploads\/2019\/04\/Pardo-10k-640x480.jpg 640w, https:\/\/eldiariodesanpedro.com.ar\/sitio\/wp-content\/uploads\/2019\/04\/Pardo-10k-640x480-300x111.jpg 300w\" data-sizes=\"(max-width: 640px) 100vw, 640px\" src=\"data:image\/svg+xml;base64,PHN2ZyB3aWR0aD0iMSIgaGVpZ2h0PSIxIiB4bWxucz0iaHR0cDovL3d3dy53My5vcmcvMjAwMC9zdmciPjwvc3ZnPg==\" style=\"--smush-placeholder-width: 640px; --smush-placeholder-aspect-ratio: 640\/237;\" \/><\/figure>\n\n\n\n<p>FUENTE: BARADERO HOY<\/p>\n","protected":false},"excerpt":{"rendered":"<p>El 14 de abril el evento deportivo Pardo 10K Tour pisar\u00e1 Baradero y se sumar\u00e1 a la extensa lista de eventos competitivos que se desarrollan en la ciudad. La carrera presentar\u00e1 dos distancias: competitiva y participativa. La inscripci\u00f3n ya est\u00e1 abierta. La competencia, que contar\u00e1 con grandes premios, se realizar\u00e1 a partir de las 10:00 [&hellip;]<\/p>\n","protected":false},"author":4,"featured_media":50130,"comment_status":"open","ping_status":"closed","sticky":false,"template":"","format":"standard","meta":{"om_disable_all_campaigns":false,"_jetpack_memberships_contains_paid_content":false,"footnotes":""},"categories":[621],"tags":[],"class_list":["post-50128","post","type-post","status-publish","format-standard","has-post-thumbnail","hentry","category-regionales"],"aioseo_notices":[],"gutentor_comment":0,"jetpack_featured_media_url":"https:\/\/eldiariodesanpedro.com.ar\/sitio\/wp-content\/uploads\/2019\/04\/Pardo-Baradero-640x480.jpg","jetpack_shortlink":"https:\/\/wp.me\/p6RhLt-d2w","jetpack_sharing_enabled":true,"_links":{"self":[{"href":"https:\/\/eldiariodesanpedro.com.ar\/sitio\/wp-json\/wp\/v2\/posts\/50128","targetHints":{"allow":["GET"]}}],"collection":[{"href":"https:\/\/eldiariodesanpedro.com.ar\/sitio\/wp-json\/wp\/v2\/posts"}],"about":[{"href":"https:\/\/eldiariodesanpedro.com.ar\/sitio\/wp-json\/wp\/v2\/types\/post"}],"author":[{"embeddable":true,"href":"https:\/\/eldiariodesanpedro.com.ar\/sitio\/wp-json\/wp\/v2\/users\/4"}],"replies":[{"embeddable":true,"href":"https:\/\/eldiariodesanpedro.com.ar\/sitio\/wp-json\/wp\/v2\/comments?post=50128"}],"version-history":[{"count":1,"href":"https:\/\/eldiariodesanpedro.com.ar\/sitio\/wp-json\/wp\/v2\/posts\/50128\/revisions"}],"predecessor-version":[{"id":50131,"href":"https:\/\/eldiariodesanpedro.com.ar\/sitio\/wp-json\/wp\/v2\/posts\/50128\/revisions\/50131"}],"wp:featuredmedia":[{"embeddable":true,"href":"https:\/\/eldiariodesanpedro.com.ar\/sitio\/wp-json\/wp\/v2\/media\/50130"}],"wp:attachment":[{"href":"https:\/\/eldiariodesanpedro.com.ar\/sitio\/wp-json\/wp\/v2\/media?parent=50128"}],"wp:term":[{"taxonomy":"category","embeddable":true,"href":"https:\/\/eldiariodesanpedro.com.ar\/sitio\/wp-json\/wp\/v2\/categories?post=50128"},{"taxonomy":"post_tag","embeddable":true,"href":"https:\/\/eldiariodesanpedro.com.ar\/sitio\/wp-json\/wp\/v2\/tags?post=50128"}],"curies":[{"name":"wp","href":"https:\/\/api.w.org\/{rel}","templated":true}]}}