{"id":50110,"date":"2019-04-04T10:52:05","date_gmt":"2019-04-04T13:52:05","guid":{"rendered":"https:\/\/eldiariodesanpedro.com.ar\/sitio\/?p=50110"},"modified":"2019-04-04T10:52:16","modified_gmt":"2019-04-04T13:52:16","slug":"baradero-hallaron-un-camion-asaltado-por-rastreo-satelital-en-el-km-120-de-la-ruta-9","status":"publish","type":"post","link":"https:\/\/eldiariodesanpedro.com.ar\/sitio\/baradero-hallaron-un-camion-asaltado-por-rastreo-satelital-en-el-km-120-de-la-ruta-9\/","title":{"rendered":"BARADERO: Hallaron un cami\u00f3n asaltado por rastreo satelital en el km 120 de la ruta 9"},"content":{"rendered":"<!-- VideographyWP Plugin Message: Automatic video embedding prevented by plugin options. -->\n\n<p>El hecho se produjo en la ruta n\u00famero 9 en el km 120, donde la Polic\u00eda identifica a trav\u00e9s del rastreo satelital la ubicaci\u00f3n de dos camiones que hab\u00edan sido involucrados en la metodolog\u00eda \u2018piratas del asfalto\u2019. En el lugar se realiz\u00f3 un operativo con personal de la Polic\u00eda Comunal de Baradero. El sub comisario Facundo Fiorabantti, en contacto con LS2 RADIO 96.9 brind\u00f3 mayores detalles.<\/p>\n\n\n\n<p> \u201cHab\u00edan sido interceptados por una camioneta color blanca, los redujeron con un arma de fuego, hacen el trasbordo de los dos ocupantes a la camioneta y desplazan los rodados hasta el km 120 donde quedan los rodados\u201d.<\/p>\n\n\n\n<p><\/p>\n","protected":false},"excerpt":{"rendered":"<p>El hecho se produjo en la ruta n\u00famero 9 en el km 120, donde la Polic\u00eda identifica a trav\u00e9s del rastreo satelital la ubicaci\u00f3n de dos camiones que hab\u00edan sido involucrados en la metodolog\u00eda \u2018piratas del asfalto\u2019. En el lugar se realiz\u00f3 un operativo con personal de la Polic\u00eda Comunal de Baradero. El sub comisario [&hellip;]<\/p>\n","protected":false},"author":4,"featured_media":50113,"comment_status":"open","ping_status":"closed","sticky":false,"template":"","format":"standard","meta":{"om_disable_all_campaigns":false,"_jetpack_memberships_contains_paid_content":false,"footnotes":""},"categories":[621],"tags":[],"class_list":["post-50110","post","type-post","status-publish","format-standard","has-post-thumbnail","hentry","category-regionales"],"aioseo_notices":[],"gutentor_comment":0,"jetpack_featured_media_url":"https:\/\/eldiariodesanpedro.com.ar\/sitio\/wp-content\/uploads\/2019\/04\/Piratas-del-asfalto.jpg","jetpack_shortlink":"https:\/\/wp.me\/p6RhLt-d2e","jetpack_sharing_enabled":true,"_links":{"self":[{"href":"https:\/\/eldiariodesanpedro.com.ar\/sitio\/wp-json\/wp\/v2\/posts\/50110","targetHints":{"allow":["GET"]}}],"collection":[{"href":"https:\/\/eldiariodesanpedro.com.ar\/sitio\/wp-json\/wp\/v2\/posts"}],"about":[{"href":"https:\/\/eldiariodesanpedro.com.ar\/sitio\/wp-json\/wp\/v2\/types\/post"}],"author":[{"embeddable":true,"href":"https:\/\/eldiariodesanpedro.com.ar\/sitio\/wp-json\/wp\/v2\/users\/4"}],"replies":[{"embeddable":true,"href":"https:\/\/eldiariodesanpedro.com.ar\/sitio\/wp-json\/wp\/v2\/comments?post=50110"}],"version-history":[{"count":3,"href":"https:\/\/eldiariodesanpedro.com.ar\/sitio\/wp-json\/wp\/v2\/posts\/50110\/revisions"}],"predecessor-version":[{"id":50114,"href":"https:\/\/eldiariodesanpedro.com.ar\/sitio\/wp-json\/wp\/v2\/posts\/50110\/revisions\/50114"}],"wp:featuredmedia":[{"embeddable":true,"href":"https:\/\/eldiariodesanpedro.com.ar\/sitio\/wp-json\/wp\/v2\/media\/50113"}],"wp:attachment":[{"href":"https:\/\/eldiariodesanpedro.com.ar\/sitio\/wp-json\/wp\/v2\/media?parent=50110"}],"wp:term":[{"taxonomy":"category","embeddable":true,"href":"https:\/\/eldiariodesanpedro.com.ar\/sitio\/wp-json\/wp\/v2\/categories?post=50110"},{"taxonomy":"post_tag","embeddable":true,"href":"https:\/\/eldiariodesanpedro.com.ar\/sitio\/wp-json\/wp\/v2\/tags?post=50110"}],"curies":[{"name":"wp","href":"https:\/\/api.w.org\/{rel}","templated":true}]}}