{"id":50100,"date":"2019-04-04T10:46:48","date_gmt":"2019-04-04T13:46:48","guid":{"rendered":"https:\/\/eldiariodesanpedro.com.ar\/sitio\/?p=50100"},"modified":"2019-04-04T10:46:58","modified_gmt":"2019-04-04T13:46:58","slug":"oriana-la-nina-que-fue-operada-del-corazon-hace-9-anos-atras-hoy-su-mama-pide-cadena-de-oracion","status":"publish","type":"post","link":"https:\/\/eldiariodesanpedro.com.ar\/sitio\/oriana-la-nina-que-fue-operada-del-corazon-hace-9-anos-atras-hoy-su-mama-pide-cadena-de-oracion\/","title":{"rendered":"Oriana: La ni\u00f1a que fue operada del coraz\u00f3n hace 9 a\u00f1os atr\u00e1s, hoy su mama pide cadena de oraci\u00f3n"},"content":{"rendered":"<!-- VideographyWP Plugin Message: Automatic video embedding prevented by plugin options. -->\n\n<p>Oriana tiene insuficiencia pulmonar, esto hace que complique su estado de salud y su corazoncito no pueda funcionar bien.<\/p>\n\n\n\n<p>Mariana su mama, en dialogo con el Diario de San Pedro, nos pidio cadena de oracion por su hija y ademas necesita de nuestra colaboraci\u00f3n como sociedad ya que no puede solventar tantos gastos sola  \u00abyo trabajo en el campo pero en estos momentos no hay nada,  s\u00f3lo muero por  pedir si me pueden ayudar en lo que sea,  tengo otro nene con discapacidad,  el quedo con mi hija que est\u00e1 embarazada pero no tengo el apoyo de nadie\u00bb, nos expresaba.<\/p>\n\n\n\n<p>Oriana esta atravesando una dificil situacion desde diciembre, los medico le diagnosticaron \u00abdisnea\u00bb sensacion de falta de aire y tambien una insuficiencia en la valvula pulmonar, que se caracteriza por no ser lo suficientemente fuerte la valvula pulmonar para evitar el reflujo en el ventriculo derecho.<\/p>\n\n\n\n<p>\u00abPido a toda la gente cadena de oraci\u00f3n por mi hija, seguimos luchando por Oriana, pero estamos muy solas, necesitamos ayuda de lo que sea, no se cuanto tiempo vamos a estar ac\u00e1\u00bb, el pedido de su mama con mucha angustia.<\/p>\n\n\n\n<p>Para ayudar a Oriana pueden comunicarse al  439169, donde ser\u00e1n atendidos por su hermana ya que su mama la acompa\u00f1a desde su primer momento en el Garrahan.<\/p>\n\n\n\n<ul class=\"wp-block-gallery columns-2 is-cropped wp-block-gallery-1 is-layout-flex wp-block-gallery-is-layout-flex\"><li class=\"blocks-gallery-item\"><figure><img decoding=\"async\" width=\"720\" height=\"960\" data-attachment-id=\"50101\" data-permalink=\"https:\/\/eldiariodesanpedro.com.ar\/sitio\/oriana-la-nina-que-fue-operada-del-corazon-hace-9-anos-atras-hoy-su-mama-pide-cadena-de-oracion\/56229336_1906994679404969_3161471954242764800_n\/\" data-orig-file=\"https:\/\/eldiariodesanpedro.com.ar\/sitio\/wp-content\/uploads\/2019\/04\/56229336_1906994679404969_3161471954242764800_n.jpg\" data-orig-size=\"720,960\" data-comments-opened=\"1\" data-image-meta=\"{&quot;aperture&quot;:&quot;0&quot;,&quot;credit&quot;:&quot;&quot;,&quot;camera&quot;:&quot;&quot;,&quot;caption&quot;:&quot;&quot;,&quot;created_timestamp&quot;:&quot;0&quot;,&quot;copyright&quot;:&quot;&quot;,&quot;focal_length&quot;:&quot;0&quot;,&quot;iso&quot;:&quot;0&quot;,&quot;shutter_speed&quot;:&quot;0&quot;,&quot;title&quot;:&quot;&quot;,&quot;orientation&quot;:&quot;0&quot;}\" data-image-title=\"56229336_1906994679404969_3161471954242764800_n\" data-image-description=\"\" data-image-caption=\"\" data-large-file=\"https:\/\/eldiariodesanpedro.com.ar\/sitio\/wp-content\/uploads\/2019\/04\/56229336_1906994679404969_3161471954242764800_n.jpg\" data-src=\"https:\/\/eldiariodesanpedro.com.ar\/sitio\/wp-content\/uploads\/2019\/04\/56229336_1906994679404969_3161471954242764800_n.jpg\" alt=\"\" data-id=\"50101\" data-link=\"https:\/\/eldiariodesanpedro.com.ar\/sitio\/?attachment_id=50101\" class=\"wp-image-50101 lazyload\" data-srcset=\"https:\/\/eldiariodesanpedro.com.ar\/sitio\/wp-content\/uploads\/2019\/04\/56229336_1906994679404969_3161471954242764800_n.jpg 720w, https:\/\/eldiariodesanpedro.com.ar\/sitio\/wp-content\/uploads\/2019\/04\/56229336_1906994679404969_3161471954242764800_n-225x300.jpg 225w\" data-sizes=\"(max-width: 720px) 100vw, 720px\" src=\"data:image\/svg+xml;base64,PHN2ZyB3aWR0aD0iMSIgaGVpZ2h0PSIxIiB4bWxucz0iaHR0cDovL3d3dy53My5vcmcvMjAwMC9zdmciPjwvc3ZnPg==\" style=\"--smush-placeholder-width: 720px; --smush-placeholder-aspect-ratio: 720\/960;\" \/><\/figure><\/li><li class=\"blocks-gallery-item\"><figure><img decoding=\"async\" width=\"1208\" height=\"1600\" data-attachment-id=\"50102\" data-permalink=\"https:\/\/eldiariodesanpedro.com.ar\/sitio\/oriana-la-nina-que-fue-operada-del-corazon-hace-9-anos-atras-hoy-su-mama-pide-cadena-de-oracion\/56337141_323479791860569_1165342008860999680_n\/\" data-orig-file=\"https:\/\/eldiariodesanpedro.com.ar\/sitio\/wp-content\/uploads\/2019\/04\/56337141_323479791860569_1165342008860999680_n.jpg\" data-orig-size=\"1208,1600\" data-comments-opened=\"1\" data-image-meta=\"{&quot;aperture&quot;:&quot;0&quot;,&quot;credit&quot;:&quot;&quot;,&quot;camera&quot;:&quot;&quot;,&quot;caption&quot;:&quot;&quot;,&quot;created_timestamp&quot;:&quot;0&quot;,&quot;copyright&quot;:&quot;&quot;,&quot;focal_length&quot;:&quot;0&quot;,&quot;iso&quot;:&quot;0&quot;,&quot;shutter_speed&quot;:&quot;0&quot;,&quot;title&quot;:&quot;&quot;,&quot;orientation&quot;:&quot;0&quot;}\" data-image-title=\"56337141_323479791860569_1165342008860999680_n\" data-image-description=\"\" data-image-caption=\"\" data-large-file=\"https:\/\/eldiariodesanpedro.com.ar\/sitio\/wp-content\/uploads\/2019\/04\/56337141_323479791860569_1165342008860999680_n-773x1024.jpg\" data-src=\"https:\/\/i1.wp.com\/eldiariodesanpedro.com.ar\/sitio\/wp-content\/uploads\/2019\/04\/56337141_323479791860569_1165342008860999680_n.jpg?fit=660%2C874\" alt=\"\" data-id=\"50102\" data-link=\"https:\/\/eldiariodesanpedro.com.ar\/sitio\/?attachment_id=50102\" class=\"wp-image-50102 lazyload\" data-srcset=\"https:\/\/eldiariodesanpedro.com.ar\/sitio\/wp-content\/uploads\/2019\/04\/56337141_323479791860569_1165342008860999680_n.jpg 1208w, https:\/\/eldiariodesanpedro.com.ar\/sitio\/wp-content\/uploads\/2019\/04\/56337141_323479791860569_1165342008860999680_n-227x300.jpg 227w, https:\/\/eldiariodesanpedro.com.ar\/sitio\/wp-content\/uploads\/2019\/04\/56337141_323479791860569_1165342008860999680_n-768x1017.jpg 768w, https:\/\/eldiariodesanpedro.com.ar\/sitio\/wp-content\/uploads\/2019\/04\/56337141_323479791860569_1165342008860999680_n-773x1024.jpg 773w\" data-sizes=\"(max-width: 1208px) 100vw, 1208px\" src=\"data:image\/svg+xml;base64,PHN2ZyB3aWR0aD0iMSIgaGVpZ2h0PSIxIiB4bWxucz0iaHR0cDovL3d3dy53My5vcmcvMjAwMC9zdmciPjwvc3ZnPg==\" style=\"--smush-placeholder-width: 1208px; --smush-placeholder-aspect-ratio: 1208\/1600;\" \/><\/figure><\/li><\/ul>\n\n\n\n<p><br><\/p>\n","protected":false},"excerpt":{"rendered":"<p>Oriana tiene insuficiencia pulmonar, esto hace que complique su estado de salud y su corazoncito no pueda funcionar bien. Mariana su mama, en dialogo con el Diario de San Pedro, nos pidio cadena de oracion por su hija y ademas necesita de nuestra colaboraci\u00f3n como sociedad ya que no puede solventar tantos gastos sola \u00abyo [&hellip;]<\/p>\n","protected":false},"author":4,"featured_media":50105,"comment_status":"open","ping_status":"closed","sticky":false,"template":"","format":"standard","meta":{"om_disable_all_campaigns":false,"_jetpack_memberships_contains_paid_content":false,"footnotes":""},"categories":[50,101,2],"tags":[],"class_list":["post-50100","post","type-post","status-publish","format-standard","has-post-thumbnail","hentry","category-destacadas","category-interes-general-locales","category-locales"],"aioseo_notices":[],"gutentor_comment":0,"jetpack_featured_media_url":"https:\/\/eldiariodesanpedro.com.ar\/sitio\/wp-content\/uploads\/2019\/04\/WhatsApp-Image-2019-04-04-at-10.42.51-AM.jpeg","jetpack_shortlink":"https:\/\/wp.me\/p6RhLt-d24","jetpack_sharing_enabled":true,"_links":{"self":[{"href":"https:\/\/eldiariodesanpedro.com.ar\/sitio\/wp-json\/wp\/v2\/posts\/50100","targetHints":{"allow":["GET"]}}],"collection":[{"href":"https:\/\/eldiariodesanpedro.com.ar\/sitio\/wp-json\/wp\/v2\/posts"}],"about":[{"href":"https:\/\/eldiariodesanpedro.com.ar\/sitio\/wp-json\/wp\/v2\/types\/post"}],"author":[{"embeddable":true,"href":"https:\/\/eldiariodesanpedro.com.ar\/sitio\/wp-json\/wp\/v2\/users\/4"}],"replies":[{"embeddable":true,"href":"https:\/\/eldiariodesanpedro.com.ar\/sitio\/wp-json\/wp\/v2\/comments?post=50100"}],"version-history":[{"count":1,"href":"https:\/\/eldiariodesanpedro.com.ar\/sitio\/wp-json\/wp\/v2\/posts\/50100\/revisions"}],"predecessor-version":[{"id":50108,"href":"https:\/\/eldiariodesanpedro.com.ar\/sitio\/wp-json\/wp\/v2\/posts\/50100\/revisions\/50108"}],"wp:featuredmedia":[{"embeddable":true,"href":"https:\/\/eldiariodesanpedro.com.ar\/sitio\/wp-json\/wp\/v2\/media\/50105"}],"wp:attachment":[{"href":"https:\/\/eldiariodesanpedro.com.ar\/sitio\/wp-json\/wp\/v2\/media?parent=50100"}],"wp:term":[{"taxonomy":"category","embeddable":true,"href":"https:\/\/eldiariodesanpedro.com.ar\/sitio\/wp-json\/wp\/v2\/categories?post=50100"},{"taxonomy":"post_tag","embeddable":true,"href":"https:\/\/eldiariodesanpedro.com.ar\/sitio\/wp-json\/wp\/v2\/tags?post=50100"}],"curies":[{"name":"wp","href":"https:\/\/api.w.org\/{rel}","templated":true}]}}