{"id":50098,"date":"2019-04-04T10:05:21","date_gmt":"2019-04-04T13:05:21","guid":{"rendered":"https:\/\/eldiariodesanpedro.com.ar\/sitio\/?p=50098"},"modified":"2019-04-04T10:05:26","modified_gmt":"2019-04-04T13:05:26","slug":"se-realizaron-dos-denuncias-por-amenazas-de-muerte","status":"publish","type":"post","link":"https:\/\/eldiariodesanpedro.com.ar\/sitio\/se-realizaron-dos-denuncias-por-amenazas-de-muerte\/","title":{"rendered":"Se realizaron dos denuncias por amenazas de muerte"},"content":{"rendered":"<!-- VideographyWP Plugin Message: Automatic video embedding prevented by plugin options. -->\n\n<p>Sucedi\u00f3 en la tarde de este mi\u00e9rcoles, una joven de 20 a\u00f1os de edad y otra de 38, radicaron sus denuncias por insultos y amenazas de muerte.<\/p>\n\n\n\n<p>La joven expreso encontrarse en intersecci\u00f3n de las calles C. Obligado e\/Ayacucho, cuando otras tres femeninas a quien identifica comienzan a insultarla y amenazarla para luego retirarse.<\/p>\n\n\n\n<p>Tambi\u00e9n la mujer de 38, dice haber sido victima de amenazas en la v\u00eda publica por un hombre a quien le pidi\u00f3 que dejara de molestar a su hija menor. Este hecho ocurri\u00f3 en calle Auli y B. Sampedrina.<\/p>\n\n\n\n<p>Interviene la fiscalia en turno en ambos casos.<\/p>\n","protected":false},"excerpt":{"rendered":"<p>Sucedi\u00f3 en la tarde de este mi\u00e9rcoles, una joven de 20 a\u00f1os de edad y otra de 38, radicaron sus denuncias por insultos y amenazas de muerte. La joven expreso encontrarse en intersecci\u00f3n de las calles C. Obligado e\/Ayacucho, cuando otras tres femeninas a quien identifica comienzan a insultarla y amenazarla para luego retirarse. Tambi\u00e9n [&hellip;]<\/p>\n","protected":false},"author":4,"featured_media":45949,"comment_status":"open","ping_status":"closed","sticky":false,"template":"","format":"standard","meta":{"om_disable_all_campaigns":false,"_jetpack_memberships_contains_paid_content":false,"footnotes":""},"categories":[2,103],"tags":[],"class_list":["post-50098","post","type-post","status-publish","format-standard","has-post-thumbnail","hentry","category-locales","category-policiales-locales"],"aioseo_notices":[],"gutentor_comment":0,"jetpack_featured_media_url":"https:\/\/eldiariodesanpedro.com.ar\/sitio\/wp-content\/uploads\/2019\/01\/nuevos-patrulleros-policia-02_6.jpg","jetpack_shortlink":"https:\/\/wp.me\/p6RhLt-d22","jetpack_sharing_enabled":true,"_links":{"self":[{"href":"https:\/\/eldiariodesanpedro.com.ar\/sitio\/wp-json\/wp\/v2\/posts\/50098","targetHints":{"allow":["GET"]}}],"collection":[{"href":"https:\/\/eldiariodesanpedro.com.ar\/sitio\/wp-json\/wp\/v2\/posts"}],"about":[{"href":"https:\/\/eldiariodesanpedro.com.ar\/sitio\/wp-json\/wp\/v2\/types\/post"}],"author":[{"embeddable":true,"href":"https:\/\/eldiariodesanpedro.com.ar\/sitio\/wp-json\/wp\/v2\/users\/4"}],"replies":[{"embeddable":true,"href":"https:\/\/eldiariodesanpedro.com.ar\/sitio\/wp-json\/wp\/v2\/comments?post=50098"}],"version-history":[{"count":1,"href":"https:\/\/eldiariodesanpedro.com.ar\/sitio\/wp-json\/wp\/v2\/posts\/50098\/revisions"}],"predecessor-version":[{"id":50099,"href":"https:\/\/eldiariodesanpedro.com.ar\/sitio\/wp-json\/wp\/v2\/posts\/50098\/revisions\/50099"}],"wp:featuredmedia":[{"embeddable":true,"href":"https:\/\/eldiariodesanpedro.com.ar\/sitio\/wp-json\/wp\/v2\/media\/45949"}],"wp:attachment":[{"href":"https:\/\/eldiariodesanpedro.com.ar\/sitio\/wp-json\/wp\/v2\/media?parent=50098"}],"wp:term":[{"taxonomy":"category","embeddable":true,"href":"https:\/\/eldiariodesanpedro.com.ar\/sitio\/wp-json\/wp\/v2\/categories?post=50098"},{"taxonomy":"post_tag","embeddable":true,"href":"https:\/\/eldiariodesanpedro.com.ar\/sitio\/wp-json\/wp\/v2\/tags?post=50098"}],"curies":[{"name":"wp","href":"https:\/\/api.w.org\/{rel}","templated":true}]}}